{"id":4126,"date":"2020-11-18T07:56:30","date_gmt":"2020-11-18T05:56:30","guid":{"rendered":"http:\/\/le-bars.net\/yoann\/?p=4126"},"modified":"2020-11-20T06:24:03","modified_gmt":"2020-11-20T04:24:03","slug":"variations-electroniques-version-travail","status":"publish","type":"post","link":"https:\/\/le-bars.net\/yoann\/fr\/2020\/11\/18\/variations-electroniques-version-travail\/","title":{"rendered":"Variations \u00e9lectroniques sur le concerto pour violon de <span style=\"font-variant: small-caps;\">Beethoven<\/span> \u2013 version de travail"},"content":{"rendered":"\n<p>William&nbsp;<span style=\"font-variant: small-caps;\">Grynszpan<\/span> a jou\u00e9 ma pi\u00e8ce \u00ab\u202fVariations \u00e9l\u00e9ctroniques sur le concerto pour violon de <span style=\"font-variant: small-caps;\">Beethoven<\/span>\u202f\u00bb le lundi 16 novembre 2020 \u00e0 l\u2019occasion de la <em>master&nbsp;class<\/em> de <a title=\"Bernard CAVANNA\" rel=\"noreferrer noopener\" href=\"http:\/\/bernard-cavanna.com\/\" target=\"_blank\">Bernard&nbsp;<span style=\"font-variant: small-caps;\">Cavanna<\/span><\/a> au <a title=\"Conservatoire de Cergy-Pontoise\" rel=\"noreferrer noopener\" href=\"http:\/\/www.conservatoire-cergypontoise.fr\/\" target=\"_blank\">conservatoire de Cergy-Pontoise<\/a>. J\u2019ai pu en r\u00e9aliser une captation, que je partage ici. Il s\u2019agit d\u2019une version de travail, mais le r\u00e9sultat est d\u00e9j\u00e0 valable. Excusez simplement mon erreur de manipulation au d\u00e9part. \u00c9galement, excusez le fait que le point n\u2019est pas sur William.<\/p>\n\n\n\n<figure class=\"wp-block-embed-vimeo wp-block-embed is-type-video is-provider-vimeo wp-embed-aspect-16-9 wp-has-aspect-ratio\"><div class=\"wp-block-embed__wrapper\">\n<iframe loading=\"lazy\" title=\"Variations \u00e9lectroniques sur le concerto pour violon de BEETHOVEN \u2013 version de travail\" src=\"https:\/\/player.vimeo.com\/video\/480613318?dnt=1&amp;app_id=122963\" width=\"660\" height=\"371\" frameborder=\"0\" allow=\"autoplay; fullscreen; picture-in-picture; clipboard-write\"><\/iframe>\n<\/div><\/figure>\n\n\n\n<p>Cette pi\u00e8ce doit \u00eatre jou\u00e9e au cours d\u2019un spectacle sur <a title=\"Luwig VAN BEETHOVEN\" rel=\"noreferrer noopener\" href=\"https:\/\/fr.wikipedia.org\/wiki\/Ludwig_van_Beethoven\" target=\"_blank\">Ludwig\u00a0<span style=\"font-variant: small-caps;\">van\u00a0Beethoven<\/span><\/a>, qui sera jou\u00e9e d\u00e8s que les conditions sanitaires en France permettront de r\u00e9unir de nouveau un public. Elle est ici un peu hors contexte, mais cela permet de donner une premi\u00e8re id\u00e9e.<\/p>\n\n\n\n<p>Le traitement \u00e9lectronique se base sur <a title=\"Grainman-master\" rel=\"noreferrer noopener\" href=\"https:\/\/github.com\/maximoskp\/grainman\" target=\"_blank\">Grainman-master<\/a> de <a title=\"Maximos KALIAKATSOS-PAPAKOSTAS\" rel=\"noreferrer noopener\" href=\"https:\/\/github.com\/maximoskp\" target=\"_blank\">Maximos&nbsp;<span style=\"font-variant: small-caps;\">Kaliakatsos-Papakostas<\/span><\/a> et j\u2019ai b\u00e9n\u00e9fici\u00e9 de l\u2019aide de la communaut\u00e9 d\u2019utilisateurs de <a title=\"Pure Data\" rel=\"noreferrer noopener\" href=\"http:\/\/puredata.info\/\" target=\"_blank\">Pure&nbsp;Data<\/a>.<\/p>\n","protected":false},"excerpt":{"rendered":"<p>William&nbsp;Grynszpan a jou\u00e9 ma pi\u00e8ce \u00ab\u202fVariations \u00e9l\u00e9ctroniques sur le concerto pour violon de Beethoven\u202f\u00bb le lundi 16 novembre 2020 \u00e0 l\u2019occasion de la master&nbsp;class de Bernard&nbsp;Cavanna au conservatoire de Cergy-Pontoise. J\u2019ai pu en r\u00e9aliser une captation, que je partage ici. Il s\u2019agit d\u2019une version de travail, mais le r\u00e9sultat est d\u00e9j\u00e0 valable. Excusez simplement mon &hellip; <a href=\"https:\/\/le-bars.net\/yoann\/fr\/2020\/11\/18\/variations-electroniques-version-travail\/\" class=\"more-link\">Continuer la lecture de <span class=\"screen-reader-text\">Variations \u00e9lectroniques sur le concerto pour violon de <span style=\"font-variant: small-caps;\">Beethoven<\/span> \u2013 version de travail<\/span><\/a><\/p>\n","protected":false},"author":1,"featured_media":0,"comment_status":"open","ping_status":"open","sticky":false,"template":"","format":"video","meta":{"jetpack_post_was_ever_published":false,"_jetpack_newsletter_access":"","_jetpack_dont_email_post_to_subs":false,"_jetpack_newsletter_tier_id":0,"_jetpack_memberships_contains_paywalled_content":false,"_jetpack_memberships_contains_paid_content":false,"footnotes":""},"categories":[24],"tags":[61],"class_list":["post-4126","post","type-post","status-publish","format-video","hentry","category-culture","tag-composition-originale","post_format-post-format-video"],"yoast_head":"<!-- This site is optimized with the Yoast SEO plugin v27.1.1 - https:\/\/yoast.com\/product\/yoast-seo-wordpress\/ -->\n<title>Variations \u00e9lectroniques sur le concerto de Beethoven \u2013 16\/11\/20 &#8211; Vu d\u2019ici<\/title>\n<meta name=\"description\" content=\"Version de travail de ma pi\u00e8ce Variations \u00e9lectroniques sur le concerto pour violon de Beethoven, jou\u00e9e le 16 novembre 2020.\" \/>\n<meta name=\"robots\" content=\"index, follow, max-snippet:-1, max-image-preview:large, max-video-preview:-1\" \/>\n<link rel=\"canonical\" href=\"https:\/\/le-bars.net\/yoann\/fr\/2020\/11\/18\/variations-electroniques-version-travail\/\" \/>\n<meta property=\"og:locale\" content=\"fr_FR\" \/>\n<meta property=\"og:type\" content=\"article\" \/>\n<meta property=\"og:title\" content=\"Variations \u00e9lectroniques sur le concerto de Beethoven \u2013 16\/11\/20 &#8211; Vu d\u2019ici\" \/>\n<meta property=\"og:description\" content=\"Version de travail de ma pi\u00e8ce Variations \u00e9lectroniques sur le concerto pour violon de Beethoven, jou\u00e9e le 16 novembre 2020.\" \/>\n<meta property=\"og:url\" content=\"https:\/\/le-bars.net\/yoann\/fr\/2020\/11\/18\/variations-electroniques-version-travail\/\" \/>\n<meta property=\"og:site_name\" content=\"Vu d\u2019ici\" \/>\n<meta property=\"article:published_time\" content=\"2020-11-18T05:56:30+00:00\" \/>\n<meta property=\"article:modified_time\" content=\"2020-11-20T04:24:03+00:00\" \/>\n<meta name=\"author\" content=\"Yoann Le Bars\" \/>\n<meta name=\"twitter:card\" content=\"summary_large_image\" \/>\n<meta name=\"twitter:label1\" content=\"\u00c9crit par\" \/>\n\t<meta name=\"twitter:data1\" content=\"Yoann Le Bars\" \/>\n\t<meta name=\"twitter:label2\" content=\"Dur\u00e9e de lecture estim\u00e9e\" \/>\n\t<meta name=\"twitter:data2\" content=\"1 minute\" \/>\n<script type=\"application\/ld+json\" class=\"yoast-schema-graph\">{\"@context\":\"https:\/\/schema.org\",\"@graph\":[{\"@type\":\"Article\",\"@id\":\"https:\/\/le-bars.net\/yoann\/fr\/2020\/11\/18\/variations-electroniques-version-travail\/#article\",\"isPartOf\":{\"@id\":\"https:\/\/le-bars.net\/yoann\/fr\/2020\/11\/18\/variations-electroniques-version-travail\/\"},\"author\":{\"name\":\"Yoann Le Bars\",\"@id\":\"https:\/\/le-bars.net\/yoann\/#\/schema\/person\/90c5a2de7ad2db1184bbe140ebea1576\"},\"headline\":\"Variations \u00e9lectroniques sur le concerto pour violon de Beethoven \u2013 version de travail\",\"datePublished\":\"2020-11-18T05:56:30+00:00\",\"dateModified\":\"2020-11-20T04:24:03+00:00\",\"mainEntityOfPage\":{\"@id\":\"https:\/\/le-bars.net\/yoann\/fr\/2020\/11\/18\/variations-electroniques-version-travail\/\"},\"wordCount\":182,\"commentCount\":2,\"publisher\":{\"@id\":\"https:\/\/le-bars.net\/yoann\/#\/schema\/person\/90c5a2de7ad2db1184bbe140ebea1576\"},\"keywords\":[\"Composition originale\"],\"articleSection\":[\"Culture\"],\"inLanguage\":\"fr-FR\",\"potentialAction\":[{\"@type\":\"CommentAction\",\"name\":\"Comment\",\"target\":[\"https:\/\/le-bars.net\/yoann\/fr\/2020\/11\/18\/variations-electroniques-version-travail\/#respond\"]}]},{\"@type\":\"WebPage\",\"@id\":\"https:\/\/le-bars.net\/yoann\/fr\/2020\/11\/18\/variations-electroniques-version-travail\/\",\"url\":\"https:\/\/le-bars.net\/yoann\/fr\/2020\/11\/18\/variations-electroniques-version-travail\/\",\"name\":\"Variations \u00e9lectroniques sur le concerto de Beethoven \u2013 16\/11\/20 &#8211; Vu d\u2019ici\",\"isPartOf\":{\"@id\":\"https:\/\/le-bars.net\/yoann\/#website\"},\"datePublished\":\"2020-11-18T05:56:30+00:00\",\"dateModified\":\"2020-11-20T04:24:03+00:00\",\"description\":\"Version de travail de ma pi\u00e8ce Variations \u00e9lectroniques sur le concerto pour violon de Beethoven, jou\u00e9e le 16 novembre 2020.\",\"breadcrumb\":{\"@id\":\"https:\/\/le-bars.net\/yoann\/fr\/2020\/11\/18\/variations-electroniques-version-travail\/#breadcrumb\"},\"inLanguage\":\"fr-FR\",\"potentialAction\":[{\"@type\":\"ReadAction\",\"target\":[\"https:\/\/le-bars.net\/yoann\/fr\/2020\/11\/18\/variations-electroniques-version-travail\/\"]}]},{\"@type\":\"BreadcrumbList\",\"@id\":\"https:\/\/le-bars.net\/yoann\/fr\/2020\/11\/18\/variations-electroniques-version-travail\/#breadcrumb\",\"itemListElement\":[{\"@type\":\"ListItem\",\"position\":1,\"name\":\"Accueil\",\"item\":\"https:\/\/le-bars.net\/yoann\/fr\/\"},{\"@type\":\"ListItem\",\"position\":2,\"name\":\"Variations \u00e9lectroniques sur le concerto pour violon de Beethoven \u2013 version de travail\"}]},{\"@type\":\"WebSite\",\"@id\":\"https:\/\/le-bars.net\/yoann\/#website\",\"url\":\"https:\/\/le-bars.net\/yoann\/\",\"name\":\"Vu d\u2019ici\",\"description\":\"Pages personnelles de Yoann LE\u00a0BARS\",\"publisher\":{\"@id\":\"https:\/\/le-bars.net\/yoann\/#\/schema\/person\/90c5a2de7ad2db1184bbe140ebea1576\"},\"potentialAction\":[{\"@type\":\"SearchAction\",\"target\":{\"@type\":\"EntryPoint\",\"urlTemplate\":\"https:\/\/le-bars.net\/yoann\/?s={search_term_string}\"},\"query-input\":{\"@type\":\"PropertyValueSpecification\",\"valueRequired\":true,\"valueName\":\"search_term_string\"}}],\"inLanguage\":\"fr-FR\"},{\"@type\":[\"Person\",\"Organization\"],\"@id\":\"https:\/\/le-bars.net\/yoann\/#\/schema\/person\/90c5a2de7ad2db1184bbe140ebea1576\",\"name\":\"Yoann Le Bars\",\"image\":{\"@type\":\"ImageObject\",\"inLanguage\":\"fr-FR\",\"@id\":\"https:\/\/le-bars.net\/yoann\/#\/schema\/person\/image\/\",\"url\":\"https:\/\/i0.wp.com\/le-bars.net\/yoann\/wordpress\/wp-content\/uploads\/2020\/11\/fec731577f2c05141910be0dc3ef5bb2.jpeg?fit=80%2C80&ssl=1\",\"contentUrl\":\"https:\/\/i0.wp.com\/le-bars.net\/yoann\/wordpress\/wp-content\/uploads\/2020\/11\/fec731577f2c05141910be0dc3ef5bb2.jpeg?fit=80%2C80&ssl=1\",\"width\":80,\"height\":80,\"caption\":\"Yoann Le Bars\"},\"logo\":{\"@id\":\"https:\/\/le-bars.net\/yoann\/#\/schema\/person\/image\/\"},\"description\":\"Un enseignant-chercheur avec un peu trop de centres d\u2019int\u00e9r\u00eats pour pouvoir r\u00e9sumer\u2026\",\"sameAs\":[\"http:\/\/le-bars.net\/yoann\"]}]}<\/script>\n<!-- \/ Yoast SEO plugin. -->","yoast_head_json":{"title":"Variations \u00e9lectroniques sur le concerto de Beethoven \u2013 16\/11\/20 &#8211; Vu d\u2019ici","description":"Version de travail de ma pi\u00e8ce Variations \u00e9lectroniques sur le concerto pour violon de Beethoven, jou\u00e9e le 16 novembre 2020.","robots":{"index":"index","follow":"follow","max-snippet":"max-snippet:-1","max-image-preview":"max-image-preview:large","max-video-preview":"max-video-preview:-1"},"canonical":"https:\/\/le-bars.net\/yoann\/fr\/2020\/11\/18\/variations-electroniques-version-travail\/","og_locale":"fr_FR","og_type":"article","og_title":"Variations \u00e9lectroniques sur le concerto de Beethoven \u2013 16\/11\/20 &#8211; Vu d\u2019ici","og_description":"Version de travail de ma pi\u00e8ce Variations \u00e9lectroniques sur le concerto pour violon de Beethoven, jou\u00e9e le 16 novembre 2020.","og_url":"https:\/\/le-bars.net\/yoann\/fr\/2020\/11\/18\/variations-electroniques-version-travail\/","og_site_name":"Vu d\u2019ici","article_published_time":"2020-11-18T05:56:30+00:00","article_modified_time":"2020-11-20T04:24:03+00:00","author":"Yoann Le Bars","twitter_card":"summary_large_image","twitter_misc":{"\u00c9crit par":"Yoann Le Bars","Dur\u00e9e de lecture estim\u00e9e":"1 minute"},"schema":{"@context":"https:\/\/schema.org","@graph":[{"@type":"Article","@id":"https:\/\/le-bars.net\/yoann\/fr\/2020\/11\/18\/variations-electroniques-version-travail\/#article","isPartOf":{"@id":"https:\/\/le-bars.net\/yoann\/fr\/2020\/11\/18\/variations-electroniques-version-travail\/"},"author":{"name":"Yoann Le Bars","@id":"https:\/\/le-bars.net\/yoann\/#\/schema\/person\/90c5a2de7ad2db1184bbe140ebea1576"},"headline":"Variations \u00e9lectroniques sur le concerto pour violon de Beethoven \u2013 version de travail","datePublished":"2020-11-18T05:56:30+00:00","dateModified":"2020-11-20T04:24:03+00:00","mainEntityOfPage":{"@id":"https:\/\/le-bars.net\/yoann\/fr\/2020\/11\/18\/variations-electroniques-version-travail\/"},"wordCount":182,"commentCount":2,"publisher":{"@id":"https:\/\/le-bars.net\/yoann\/#\/schema\/person\/90c5a2de7ad2db1184bbe140ebea1576"},"keywords":["Composition originale"],"articleSection":["Culture"],"inLanguage":"fr-FR","potentialAction":[{"@type":"CommentAction","name":"Comment","target":["https:\/\/le-bars.net\/yoann\/fr\/2020\/11\/18\/variations-electroniques-version-travail\/#respond"]}]},{"@type":"WebPage","@id":"https:\/\/le-bars.net\/yoann\/fr\/2020\/11\/18\/variations-electroniques-version-travail\/","url":"https:\/\/le-bars.net\/yoann\/fr\/2020\/11\/18\/variations-electroniques-version-travail\/","name":"Variations \u00e9lectroniques sur le concerto de Beethoven \u2013 16\/11\/20 &#8211; Vu d\u2019ici","isPartOf":{"@id":"https:\/\/le-bars.net\/yoann\/#website"},"datePublished":"2020-11-18T05:56:30+00:00","dateModified":"2020-11-20T04:24:03+00:00","description":"Version de travail de ma pi\u00e8ce Variations \u00e9lectroniques sur le concerto pour violon de Beethoven, jou\u00e9e le 16 novembre 2020.","breadcrumb":{"@id":"https:\/\/le-bars.net\/yoann\/fr\/2020\/11\/18\/variations-electroniques-version-travail\/#breadcrumb"},"inLanguage":"fr-FR","potentialAction":[{"@type":"ReadAction","target":["https:\/\/le-bars.net\/yoann\/fr\/2020\/11\/18\/variations-electroniques-version-travail\/"]}]},{"@type":"BreadcrumbList","@id":"https:\/\/le-bars.net\/yoann\/fr\/2020\/11\/18\/variations-electroniques-version-travail\/#breadcrumb","itemListElement":[{"@type":"ListItem","position":1,"name":"Accueil","item":"https:\/\/le-bars.net\/yoann\/fr\/"},{"@type":"ListItem","position":2,"name":"Variations \u00e9lectroniques sur le concerto pour violon de Beethoven \u2013 version de travail"}]},{"@type":"WebSite","@id":"https:\/\/le-bars.net\/yoann\/#website","url":"https:\/\/le-bars.net\/yoann\/","name":"Vu d\u2019ici","description":"Pages personnelles de Yoann LE\u00a0BARS","publisher":{"@id":"https:\/\/le-bars.net\/yoann\/#\/schema\/person\/90c5a2de7ad2db1184bbe140ebea1576"},"potentialAction":[{"@type":"SearchAction","target":{"@type":"EntryPoint","urlTemplate":"https:\/\/le-bars.net\/yoann\/?s={search_term_string}"},"query-input":{"@type":"PropertyValueSpecification","valueRequired":true,"valueName":"search_term_string"}}],"inLanguage":"fr-FR"},{"@type":["Person","Organization"],"@id":"https:\/\/le-bars.net\/yoann\/#\/schema\/person\/90c5a2de7ad2db1184bbe140ebea1576","name":"Yoann Le Bars","image":{"@type":"ImageObject","inLanguage":"fr-FR","@id":"https:\/\/le-bars.net\/yoann\/#\/schema\/person\/image\/","url":"https:\/\/i0.wp.com\/le-bars.net\/yoann\/wordpress\/wp-content\/uploads\/2020\/11\/fec731577f2c05141910be0dc3ef5bb2.jpeg?fit=80%2C80&ssl=1","contentUrl":"https:\/\/i0.wp.com\/le-bars.net\/yoann\/wordpress\/wp-content\/uploads\/2020\/11\/fec731577f2c05141910be0dc3ef5bb2.jpeg?fit=80%2C80&ssl=1","width":80,"height":80,"caption":"Yoann Le Bars"},"logo":{"@id":"https:\/\/le-bars.net\/yoann\/#\/schema\/person\/image\/"},"description":"Un enseignant-chercheur avec un peu trop de centres d\u2019int\u00e9r\u00eats pour pouvoir r\u00e9sumer\u2026","sameAs":["http:\/\/le-bars.net\/yoann"]}]}},"jetpack_featured_media_url":"","jetpack_shortlink":"https:\/\/wp.me\/p61hos-14y","jetpack-related-posts":[{"id":2195,"url":"https:\/\/le-bars.net\/yoann\/fr\/2016\/03\/01\/guillaume-avait-un-bon-rasoir%e2%80%af\/","url_meta":{"origin":4126,"position":0},"title":"Guillaume avait un bon rasoir\u202f!","author":"Yoann Le Bars","date":"1 mars 2016","format":false,"excerpt":"Le principe de parcimonie \u2013 parfois appel\u00e9 rasoir d\u2019Ockham d\u2019apr\u00e8s le moine franciscain anglais Guillaume\u00a0d\u2019Ockham (vers 1285\u00a0\u2013\u00a01347), pr\u00e9curseur en logique \u2013 est un principe commun \u00e0 la philosophie et aux sciences. Il a, en fait, \u00e9t\u00e9 \u00e9nonc\u00e9 bien avant, l\u2019occurrence la plus ancienne que j\u2019ai pu trouver \u00e9tant d\u00fb \u00e0\u2026","rel":"","context":"Dans &quot;Culture&quot;","block_context":{"text":"Culture","link":"https:\/\/le-bars.net\/yoann\/fr\/category\/culture\/"},"img":{"alt_text":"Guillaume d\u2019Ockham","src":"https:\/\/upload.wikimedia.org\/wikipedia\/commons\/a\/ab\/William_of_Ockham_-_Logica_1341.jpg","width":350,"height":200},"classes":[]},{"id":1298,"url":"https:\/\/le-bars.net\/yoann\/fr\/2015\/08\/20\/comment-jai-prolonge-les-travaux-de-galilee%e2%80%af\/","url_meta":{"origin":4126,"position":1},"title":"Comment j\u2019ai prolong\u00e9 les travaux de Galil\u00e9e\u202f!","author":"Yoann Le Bars","date":"20 ao\u00fbt 2015","format":false,"excerpt":"Je l\u2019ai d\u00e9j\u00e0 mentionn\u00e9\u00a0: il serait tout de m\u00eame temps que je pr\u00e9sente les sujets auxquels je m\u2019int\u00e9resse dans mes travaux. Comme j\u2019ai pu l\u2019indiquer \u00e0 la page d\u2019accueil de ce site et comme on peut le d\u00e9duire \u00e0 partir de mon CV, mes domaines de comp\u00e9tences sont les math\u00e9matiques\u2026","rel":"","context":"Dans &quot;Science&quot;","block_context":{"text":"Science","link":"https:\/\/le-bars.net\/yoann\/fr\/category\/science\/"},"img":{"alt_text":"Grande mar\u00e9e \u00e0 Wimereux","src":"https:\/\/upload.wikimedia.org\/wikipedia\/commons\/4\/4e\/Wimereux_Spring_Tide.jpg","width":350,"height":200,"srcset":"https:\/\/upload.wikimedia.org\/wikipedia\/commons\/4\/4e\/Wimereux_Spring_Tide.jpg 1x, https:\/\/upload.wikimedia.org\/wikipedia\/commons\/4\/4e\/Wimereux_Spring_Tide.jpg 1.5x, https:\/\/upload.wikimedia.org\/wikipedia\/commons\/4\/4e\/Wimereux_Spring_Tide.jpg 2x, https:\/\/upload.wikimedia.org\/wikipedia\/commons\/4\/4e\/Wimereux_Spring_Tide.jpg 3x, https:\/\/upload.wikimedia.org\/wikipedia\/commons\/4\/4e\/Wimereux_Spring_Tide.jpg 4x"},"classes":[]},{"id":5633,"url":"https:\/\/le-bars.net\/yoann\/fr\/2024\/12\/01\/macaron-cassis-violette-saison-2-episode-4-ping-pong-carnivore\/","url_meta":{"origin":4126,"position":2},"title":"Macaron Cassis Violette \u2013 Saison 2, \u00e9pisode 4\u00a0: Ping-pong carnivore","author":"Yoann Le Bars","date":"1 d\u00e9cembre 2024","format":"video","excerpt":"https:\/\/vimeo.com\/1034902867?share=copy#t=0 Macaron\u00a0Cassis\u00a0Violette \u2013 Saison 2, \u00e9pisode 4\u00a0: Ping-pong carnivore Quatri\u00e8me \u00e9pisode de la saison 2 de Macarons\u00a0Cassis\u00a0Violette, diffus\u00e9 initialement sur la cha\u00eene Twitch de la Sorcenouille lors de la Revue\u00a0de\u00a0presse\u00a0des\u00a0chapoules du 18\u00a0novembre\u00a02024. Le gouvernement veut d\u00e9fendre les viticulteurs des dangereux gauchistes, mais Cthulhu a une position diff\u00e9rente de celle du\u2026","rel":"","context":"Dans &quot;Culture&quot;","block_context":{"text":"Culture","link":"https:\/\/le-bars.net\/yoann\/fr\/category\/culture\/"},"img":{"alt_text":"","src":"","width":0,"height":0},"classes":[]},{"id":4761,"url":"https:\/\/le-bars.net\/yoann\/fr\/2024\/04\/03\/comment-microsoft-na-pas-negocie-le-contrat-du-siecle\/","url_meta":{"origin":4126,"position":3},"title":"Comment Microsoft n\u2019a pas n\u00e9goci\u00e9 le contrat du si\u00e8cle","author":"Yoann Le Bars","date":"3 avril 2024","format":false,"excerpt":"Paul\u00a0Allen et Bill\u00a0Gates en 1970 \u00e0 Lakeside\u00a0School \u2013 photo du domaine public par Bruce\u00a0Burgess via Wikimedia\u00a0Commons. L\u2019association MO5.com, dont je suis membre, a pour objet d\u2019assurer la pr\u00e9servation du patrimoine informatique. Dans le cadre de cette activit\u00e9, nous documentons \u00e9galement l\u2019histoire de l\u2019informatique. Dans cette histoire, on entend r\u00e9guli\u00e8rement parler\u2026","rel":"","context":"Dans &quot;Science&quot;","block_context":{"text":"Science","link":"https:\/\/le-bars.net\/yoann\/fr\/category\/science\/"},"img":{"alt_text":"","src":"","width":0,"height":0},"classes":[]},{"id":1968,"url":"https:\/\/le-bars.net\/yoann\/fr\/2015\/12\/31\/grenier-space-opera-premiere-partie\/","url_meta":{"origin":4126,"position":4},"title":"Vu du grenier\u00a0: le space opera, premi\u00e8re partie","author":"Yoann Le Bars","date":"31 d\u00e9cembre 2015","format":"video","excerpt":"\u00c0 l\u2019\u00e9poque de Chasseurs\u00a0de\u00a0r\u00eaves, parmi mon travail de r\u00e9dacteur, j\u2019avais en charge les panoramas des sujets trait\u00e9s\u00a0: je recherchais et pr\u00e9sentais les \u0153uvres proc\u00e9dant de ce sujet. J\u2019essayais de pr\u00e9senter aussi bien les \u0153uvres les plus marquantes que des trouvailles peu connues. Je dois le reconna\u00eetre\u00a0: j\u2019aimais bien r\u00e9aliser ces\u2026","rel":"","context":"Dans &quot;Culture&quot;","block_context":{"text":"Culture","link":"https:\/\/le-bars.net\/yoann\/fr\/category\/culture\/"},"img":{"alt_text":"","src":"","width":0,"height":0},"classes":[]},{"id":5929,"url":"https:\/\/le-bars.net\/yoann\/fr\/2025\/01\/06\/macaron-cassis-violette-saison-2-episode-10-necromancie-gouvernementale\/","url_meta":{"origin":4126,"position":5},"title":"Macaron\u00a0Cassis\u00a0Violette \u2013 Saison 2, \u00e9pisode 10\u00a0: N\u00e9cromancie gouvernementale","author":"Yoann Le Bars","date":"6 janvier 2025","format":"video","excerpt":"https:\/\/vimeo.com\/1044411723?share=copy#t=0 Macaron\u00a0Cassis\u00a0Violette \u2013 Saison\u00a02, \u00e9pisode\u00a010\u00a0: N\u00e9cromancie\u00a0gouvernementale Dixi\u00e8me \u00e9pisode de la saison 2 de Macarons\u00a0Cassis\u00a0Violette, diffus\u00e9 initialement sur la cha\u00eene Twitch de la Sorcenouille lors de la Revue\u00a0de\u00a0presse\u00a0des\u00a0chapoules du 30\u00a0d\u00e9cembre\u00a02024. Le pr\u00e9sident de l\u2019Enlys\u00e9e parle trop pour son propre bien. Monsieur Popotamou doit, de toute urgence, trouver des ministres pour faire\u2026","rel":"","context":"Dans &quot;Culture&quot;","block_context":{"text":"Culture","link":"https:\/\/le-bars.net\/yoann\/fr\/category\/culture\/"},"img":{"alt_text":"","src":"","width":0,"height":0},"classes":[]}],"jetpack_sharing_enabled":true,"_links":{"self":[{"href":"https:\/\/le-bars.net\/yoann\/wp-json\/wp\/v2\/posts\/4126","targetHints":{"allow":["GET"]}}],"collection":[{"href":"https:\/\/le-bars.net\/yoann\/wp-json\/wp\/v2\/posts"}],"about":[{"href":"https:\/\/le-bars.net\/yoann\/wp-json\/wp\/v2\/types\/post"}],"author":[{"embeddable":true,"href":"https:\/\/le-bars.net\/yoann\/wp-json\/wp\/v2\/users\/1"}],"replies":[{"embeddable":true,"href":"https:\/\/le-bars.net\/yoann\/wp-json\/wp\/v2\/comments?post=4126"}],"version-history":[{"count":15,"href":"https:\/\/le-bars.net\/yoann\/wp-json\/wp\/v2\/posts\/4126\/revisions"}],"predecessor-version":[{"id":4179,"href":"https:\/\/le-bars.net\/yoann\/wp-json\/wp\/v2\/posts\/4126\/revisions\/4179"}],"wp:attachment":[{"href":"https:\/\/le-bars.net\/yoann\/wp-json\/wp\/v2\/media?parent=4126"}],"wp:term":[{"taxonomy":"category","embeddable":true,"href":"https:\/\/le-bars.net\/yoann\/wp-json\/wp\/v2\/categories?post=4126"},{"taxonomy":"post_tag","embeddable":true,"href":"https:\/\/le-bars.net\/yoann\/wp-json\/wp\/v2\/tags?post=4126"}],"curies":[{"name":"wp","href":"https:\/\/api.w.org\/{rel}","templated":true}]}}