{"id":5584,"date":"2024-12-01T11:34:59","date_gmt":"2024-12-01T09:34:59","guid":{"rendered":"https:\/\/le-bars.net\/yoann\/?p=5584"},"modified":"2024-12-01T12:22:58","modified_gmt":"2024-12-01T10:22:58","slug":"macaron-cassis-violette-saison-2-episode-1-comment-regler-ce-probleme","status":"publish","type":"post","link":"https:\/\/le-bars.net\/yoann\/fr\/2024\/12\/01\/macaron-cassis-violette-saison-2-episode-1-comment-regler-ce-probleme\/","title":{"rendered":"Macaron\u00a0Cassis\u00a0Violette \u2013 Saison 2, \u00e9pisode 1\u00a0: Comment r\u00e9gler ce probl\u00e8me"},"content":{"rendered":"\n<figure class=\"wp-block-embed is-type-video is-provider-vimeo wp-block-embed-vimeo wp-embed-aspect-16-9 wp-has-aspect-ratio\"><div class=\"wp-block-embed__wrapper\">\n<iframe loading=\"lazy\" title=\"Macaron Cassis Violette \u2013 Saison 2, \u00e9pisode 1\u00a0: Comment r\u00e9gler ce probl\u00e8me\" src=\"https:\/\/player.vimeo.com\/video\/1034894863?dnt=1&amp;app_id=122963\" width=\"660\" height=\"371\" frameborder=\"0\" allow=\"autoplay; fullscreen; picture-in-picture; clipboard-write\"><\/iframe>\n<\/div><figcaption class=\"wp-element-caption\">Macaron Cassis Violette \u2013 Saison 2, \u00e9pisode 1&nbsp;: Comment r\u00e9gler ce probl\u00e8me\u202f?<\/figcaption><\/figure>\n\n\n\n<p>Premier \u00e9pisode de la saison 2 de <em>Macaron Cassis Violette<\/em>, diffus\u00e9 initialement sur <a title=\"Sorcenouille\" href=\"https:\/\/www.twitch.tv\/sorcenouille\" target=\"_blank\" rel=\"noreferrer noopener\">la cha\u00eene Twitch Sorcenouille<\/a> lors de la <em>Revue&nbsp;de&nbsp;presse&nbsp;des&nbsp;chapoules<\/em> du 28&nbsp;octobre&nbsp;2024.<\/p>\n\n\n\n<!--more-->\n\n\n\n<p>Plus de 3\u202f000 postes vacants dans l'\u00c9ducation&nbsp;nationale, comment vont faire les ministres De&nbsp;Tout et Du&nbsp;Reste pour r\u00e9gler le probl\u00e8me\u202f?<\/p>\n\n\n\n<ul class=\"wp-block-list\">\n<li>Id\u00e9e originale et texte&nbsp;: Chlo\u00e9&nbsp;<span style=\"font-variant: small-caps;\">Debauges<\/span><\/li>\n\n\n\n<li>Musique&nbsp;: Yoann&nbsp;<span style=\"font-variant: small-caps;\">Le&nbsp;Bars<\/span><\/li>\n\n\n\n<li>Images et montage&nbsp;: Chlo\u00e9&nbsp;<span style=\"font-variant: small-caps;\">Debauges<\/span><\/li>\n\n\n\n<li>Voix&nbsp;:\n<ul class=\"wp-block-list\">\n<li>Ministre De&nbsp;Tout (Gendarme)&nbsp;: Inspecteur Wouf Wouf<\/li>\n\n\n\n<li>Ministre Du Reste (Gnafron)&nbsp;: Marlon<\/li>\n<\/ul>\n<\/li>\n<\/ul>\n\n\n\n<p>Source de l\u2019\u00e9pisode&nbsp;: <span style=\"font-variant: small-caps;\">G\u00e9rard<\/span>, Quentin (11\/10\/2024). \u00ab\u202f4\u202f000 postes d\u2019enseignants seront supprim\u00e9s \u00e0 l\u2019\u00c9ducation&nbsp;nationale&nbsp;: \u00ab\u202fUne cure d\u2019aust\u00e9rit\u00e9 qui n\u2019\u00e9pargne pas l\u2019\u00e9cole\u202f\u00bb\u202f\u00bb. Public&nbsp;S\u00e9nat. <a href=\"https:\/\/www.publicsenat.fr\/actualites\/economie\/4-000-postes-denseignants-seront-supprimes-a-leducation-nationale-une-cure-dausterite-qui-nepargne-pas-lecole\" target=\"_blank\" rel=\"noreferrer noopener\">Disponible en ligne<\/a>.<\/p>\n\n\n\n<p><\/p>\n","protected":false},"excerpt":{"rendered":"<p>Premier \u00e9pisode de la saison 2 de Macaron Cassis Violette, diffus\u00e9 initialement sur la cha\u00eene Twitch Sorcenouille lors de la Revue&nbsp;de&nbsp;presse&nbsp;des&nbsp;chapoules du 28&nbsp;octobre&nbsp;2024.<\/p>\n","protected":false},"author":1,"featured_media":0,"comment_status":"open","ping_status":"open","sticky":false,"template":"","format":"video","meta":{"jetpack_post_was_ever_published":false,"_jetpack_newsletter_access":"","_jetpack_dont_email_post_to_subs":false,"_jetpack_newsletter_tier_id":0,"_jetpack_memberships_contains_paywalled_content":false,"_jetpack_memberships_contains_paid_content":false,"footnotes":""},"categories":[1],"tags":[],"class_list":["post-5584","post","type-post","status-publish","format-video","hentry","category-non-classe","post_format-post-format-video"],"yoast_head":"<!-- This site is optimized with the Yoast SEO plugin v27.1.1 - https:\/\/yoast.com\/product\/yoast-seo-wordpress\/ -->\n<title>Macaron\u00a0Cassis\u00a0Violette \u2013 Saison 2, \u00e9pisode 1\u00a0: Comment r\u00e9gler ce probl\u00e8me &#8211; Vu d\u2019ici<\/title>\n<meta name=\"description\" content=\"Premier \u00e9pisode de la deuxi\u00e8me saison de la s\u00e9rie de commentaires satiriques de l\u2019actualit\u00e9 intitul\u00e9e Macaron\u00a0Cassis\u00a0Violette.\" \/>\n<meta name=\"robots\" content=\"index, follow, max-snippet:-1, max-image-preview:large, max-video-preview:-1\" \/>\n<link rel=\"canonical\" href=\"https:\/\/le-bars.net\/yoann\/fr\/2024\/12\/01\/macaron-cassis-violette-saison-2-episode-1-comment-regler-ce-probleme\/\" \/>\n<meta property=\"og:locale\" content=\"fr_FR\" \/>\n<meta property=\"og:type\" content=\"article\" \/>\n<meta property=\"og:title\" content=\"Macaron\u00a0Cassis\u00a0Violette \u2013 Saison 2, \u00e9pisode 1\u00a0: Comment r\u00e9gler ce probl\u00e8me &#8211; Vu d\u2019ici\" \/>\n<meta property=\"og:description\" content=\"Premier \u00e9pisode de la deuxi\u00e8me saison de la s\u00e9rie de commentaires satiriques de l\u2019actualit\u00e9 intitul\u00e9e Macaron\u00a0Cassis\u00a0Violette.\" \/>\n<meta property=\"og:url\" content=\"https:\/\/le-bars.net\/yoann\/fr\/2024\/12\/01\/macaron-cassis-violette-saison-2-episode-1-comment-regler-ce-probleme\/\" \/>\n<meta property=\"og:site_name\" content=\"Vu d\u2019ici\" \/>\n<meta property=\"article:published_time\" content=\"2024-12-01T09:34:59+00:00\" \/>\n<meta property=\"article:modified_time\" content=\"2024-12-01T10:22:58+00:00\" \/>\n<meta name=\"author\" content=\"Yoann Le Bars\" \/>\n<meta name=\"twitter:card\" content=\"summary_large_image\" \/>\n<meta name=\"twitter:label1\" content=\"\u00c9crit par\" \/>\n\t<meta name=\"twitter:data1\" content=\"Yoann Le Bars\" \/>\n\t<meta name=\"twitter:label2\" content=\"Dur\u00e9e de lecture estim\u00e9e\" \/>\n\t<meta name=\"twitter:data2\" content=\"1 minute\" \/>\n<script type=\"application\/ld+json\" class=\"yoast-schema-graph\">{\"@context\":\"https:\/\/schema.org\",\"@graph\":[{\"@type\":\"Article\",\"@id\":\"https:\/\/le-bars.net\/yoann\/fr\/2024\/12\/01\/macaron-cassis-violette-saison-2-episode-1-comment-regler-ce-probleme\/#article\",\"isPartOf\":{\"@id\":\"https:\/\/le-bars.net\/yoann\/fr\/2024\/12\/01\/macaron-cassis-violette-saison-2-episode-1-comment-regler-ce-probleme\/\"},\"author\":{\"name\":\"Yoann Le Bars\",\"@id\":\"https:\/\/le-bars.net\/yoann\/#\/schema\/person\/90c5a2de7ad2db1184bbe140ebea1576\"},\"headline\":\"Macaron\u00a0Cassis\u00a0Violette \u2013 Saison 2, \u00e9pisode 1\u00a0: Comment r\u00e9gler ce probl\u00e8me\",\"datePublished\":\"2024-12-01T09:34:59+00:00\",\"dateModified\":\"2024-12-01T10:22:58+00:00\",\"mainEntityOfPage\":{\"@id\":\"https:\/\/le-bars.net\/yoann\/fr\/2024\/12\/01\/macaron-cassis-violette-saison-2-episode-1-comment-regler-ce-probleme\/\"},\"wordCount\":166,\"commentCount\":1,\"publisher\":{\"@id\":\"https:\/\/le-bars.net\/yoann\/#\/schema\/person\/90c5a2de7ad2db1184bbe140ebea1576\"},\"inLanguage\":\"fr-FR\",\"potentialAction\":[{\"@type\":\"CommentAction\",\"name\":\"Comment\",\"target\":[\"https:\/\/le-bars.net\/yoann\/fr\/2024\/12\/01\/macaron-cassis-violette-saison-2-episode-1-comment-regler-ce-probleme\/#respond\"]}]},{\"@type\":\"WebPage\",\"@id\":\"https:\/\/le-bars.net\/yoann\/fr\/2024\/12\/01\/macaron-cassis-violette-saison-2-episode-1-comment-regler-ce-probleme\/\",\"url\":\"https:\/\/le-bars.net\/yoann\/fr\/2024\/12\/01\/macaron-cassis-violette-saison-2-episode-1-comment-regler-ce-probleme\/\",\"name\":\"Macaron\u00a0Cassis\u00a0Violette \u2013 Saison 2, \u00e9pisode 1\u00a0: Comment r\u00e9gler ce probl\u00e8me &#8211; Vu d\u2019ici\",\"isPartOf\":{\"@id\":\"https:\/\/le-bars.net\/yoann\/#website\"},\"datePublished\":\"2024-12-01T09:34:59+00:00\",\"dateModified\":\"2024-12-01T10:22:58+00:00\",\"description\":\"Premier \u00e9pisode de la deuxi\u00e8me saison de la s\u00e9rie de commentaires satiriques de l\u2019actualit\u00e9 intitul\u00e9e Macaron\u00a0Cassis\u00a0Violette.\",\"breadcrumb\":{\"@id\":\"https:\/\/le-bars.net\/yoann\/fr\/2024\/12\/01\/macaron-cassis-violette-saison-2-episode-1-comment-regler-ce-probleme\/#breadcrumb\"},\"inLanguage\":\"fr-FR\",\"potentialAction\":[{\"@type\":\"ReadAction\",\"target\":[\"https:\/\/le-bars.net\/yoann\/fr\/2024\/12\/01\/macaron-cassis-violette-saison-2-episode-1-comment-regler-ce-probleme\/\"]}]},{\"@type\":\"BreadcrumbList\",\"@id\":\"https:\/\/le-bars.net\/yoann\/fr\/2024\/12\/01\/macaron-cassis-violette-saison-2-episode-1-comment-regler-ce-probleme\/#breadcrumb\",\"itemListElement\":[{\"@type\":\"ListItem\",\"position\":1,\"name\":\"Accueil\",\"item\":\"https:\/\/le-bars.net\/yoann\/fr\/\"},{\"@type\":\"ListItem\",\"position\":2,\"name\":\"Macaron\u00a0Cassis\u00a0Violette \u2013 Saison 2, \u00e9pisode 1\u00a0: Comment r\u00e9gler ce probl\u00e8me\"}]},{\"@type\":\"WebSite\",\"@id\":\"https:\/\/le-bars.net\/yoann\/#website\",\"url\":\"https:\/\/le-bars.net\/yoann\/\",\"name\":\"Vu d\u2019ici\",\"description\":\"Pages personnelles de Yoann LE\u00a0BARS\",\"publisher\":{\"@id\":\"https:\/\/le-bars.net\/yoann\/#\/schema\/person\/90c5a2de7ad2db1184bbe140ebea1576\"},\"potentialAction\":[{\"@type\":\"SearchAction\",\"target\":{\"@type\":\"EntryPoint\",\"urlTemplate\":\"https:\/\/le-bars.net\/yoann\/?s={search_term_string}\"},\"query-input\":{\"@type\":\"PropertyValueSpecification\",\"valueRequired\":true,\"valueName\":\"search_term_string\"}}],\"inLanguage\":\"fr-FR\"},{\"@type\":[\"Person\",\"Organization\"],\"@id\":\"https:\/\/le-bars.net\/yoann\/#\/schema\/person\/90c5a2de7ad2db1184bbe140ebea1576\",\"name\":\"Yoann Le Bars\",\"image\":{\"@type\":\"ImageObject\",\"inLanguage\":\"fr-FR\",\"@id\":\"https:\/\/le-bars.net\/yoann\/#\/schema\/person\/image\/\",\"url\":\"https:\/\/i0.wp.com\/le-bars.net\/yoann\/wordpress\/wp-content\/uploads\/2020\/11\/fec731577f2c05141910be0dc3ef5bb2.jpeg?fit=80%2C80&ssl=1\",\"contentUrl\":\"https:\/\/i0.wp.com\/le-bars.net\/yoann\/wordpress\/wp-content\/uploads\/2020\/11\/fec731577f2c05141910be0dc3ef5bb2.jpeg?fit=80%2C80&ssl=1\",\"width\":80,\"height\":80,\"caption\":\"Yoann Le Bars\"},\"logo\":{\"@id\":\"https:\/\/le-bars.net\/yoann\/#\/schema\/person\/image\/\"},\"description\":\"Un enseignant-chercheur avec un peu trop de centres d\u2019int\u00e9r\u00eats pour pouvoir r\u00e9sumer\u2026\",\"sameAs\":[\"http:\/\/le-bars.net\/yoann\"]}]}<\/script>\n<!-- \/ Yoast SEO plugin. -->","yoast_head_json":{"title":"Macaron\u00a0Cassis\u00a0Violette \u2013 Saison 2, \u00e9pisode 1\u00a0: Comment r\u00e9gler ce probl\u00e8me &#8211; Vu d\u2019ici","description":"Premier \u00e9pisode de la deuxi\u00e8me saison de la s\u00e9rie de commentaires satiriques de l\u2019actualit\u00e9 intitul\u00e9e Macaron\u00a0Cassis\u00a0Violette.","robots":{"index":"index","follow":"follow","max-snippet":"max-snippet:-1","max-image-preview":"max-image-preview:large","max-video-preview":"max-video-preview:-1"},"canonical":"https:\/\/le-bars.net\/yoann\/fr\/2024\/12\/01\/macaron-cassis-violette-saison-2-episode-1-comment-regler-ce-probleme\/","og_locale":"fr_FR","og_type":"article","og_title":"Macaron\u00a0Cassis\u00a0Violette \u2013 Saison 2, \u00e9pisode 1\u00a0: Comment r\u00e9gler ce probl\u00e8me &#8211; Vu d\u2019ici","og_description":"Premier \u00e9pisode de la deuxi\u00e8me saison de la s\u00e9rie de commentaires satiriques de l\u2019actualit\u00e9 intitul\u00e9e Macaron\u00a0Cassis\u00a0Violette.","og_url":"https:\/\/le-bars.net\/yoann\/fr\/2024\/12\/01\/macaron-cassis-violette-saison-2-episode-1-comment-regler-ce-probleme\/","og_site_name":"Vu d\u2019ici","article_published_time":"2024-12-01T09:34:59+00:00","article_modified_time":"2024-12-01T10:22:58+00:00","author":"Yoann Le Bars","twitter_card":"summary_large_image","twitter_misc":{"\u00c9crit par":"Yoann Le Bars","Dur\u00e9e de lecture estim\u00e9e":"1 minute"},"schema":{"@context":"https:\/\/schema.org","@graph":[{"@type":"Article","@id":"https:\/\/le-bars.net\/yoann\/fr\/2024\/12\/01\/macaron-cassis-violette-saison-2-episode-1-comment-regler-ce-probleme\/#article","isPartOf":{"@id":"https:\/\/le-bars.net\/yoann\/fr\/2024\/12\/01\/macaron-cassis-violette-saison-2-episode-1-comment-regler-ce-probleme\/"},"author":{"name":"Yoann Le Bars","@id":"https:\/\/le-bars.net\/yoann\/#\/schema\/person\/90c5a2de7ad2db1184bbe140ebea1576"},"headline":"Macaron\u00a0Cassis\u00a0Violette \u2013 Saison 2, \u00e9pisode 1\u00a0: Comment r\u00e9gler ce probl\u00e8me","datePublished":"2024-12-01T09:34:59+00:00","dateModified":"2024-12-01T10:22:58+00:00","mainEntityOfPage":{"@id":"https:\/\/le-bars.net\/yoann\/fr\/2024\/12\/01\/macaron-cassis-violette-saison-2-episode-1-comment-regler-ce-probleme\/"},"wordCount":166,"commentCount":1,"publisher":{"@id":"https:\/\/le-bars.net\/yoann\/#\/schema\/person\/90c5a2de7ad2db1184bbe140ebea1576"},"inLanguage":"fr-FR","potentialAction":[{"@type":"CommentAction","name":"Comment","target":["https:\/\/le-bars.net\/yoann\/fr\/2024\/12\/01\/macaron-cassis-violette-saison-2-episode-1-comment-regler-ce-probleme\/#respond"]}]},{"@type":"WebPage","@id":"https:\/\/le-bars.net\/yoann\/fr\/2024\/12\/01\/macaron-cassis-violette-saison-2-episode-1-comment-regler-ce-probleme\/","url":"https:\/\/le-bars.net\/yoann\/fr\/2024\/12\/01\/macaron-cassis-violette-saison-2-episode-1-comment-regler-ce-probleme\/","name":"Macaron\u00a0Cassis\u00a0Violette \u2013 Saison 2, \u00e9pisode 1\u00a0: Comment r\u00e9gler ce probl\u00e8me &#8211; Vu d\u2019ici","isPartOf":{"@id":"https:\/\/le-bars.net\/yoann\/#website"},"datePublished":"2024-12-01T09:34:59+00:00","dateModified":"2024-12-01T10:22:58+00:00","description":"Premier \u00e9pisode de la deuxi\u00e8me saison de la s\u00e9rie de commentaires satiriques de l\u2019actualit\u00e9 intitul\u00e9e Macaron\u00a0Cassis\u00a0Violette.","breadcrumb":{"@id":"https:\/\/le-bars.net\/yoann\/fr\/2024\/12\/01\/macaron-cassis-violette-saison-2-episode-1-comment-regler-ce-probleme\/#breadcrumb"},"inLanguage":"fr-FR","potentialAction":[{"@type":"ReadAction","target":["https:\/\/le-bars.net\/yoann\/fr\/2024\/12\/01\/macaron-cassis-violette-saison-2-episode-1-comment-regler-ce-probleme\/"]}]},{"@type":"BreadcrumbList","@id":"https:\/\/le-bars.net\/yoann\/fr\/2024\/12\/01\/macaron-cassis-violette-saison-2-episode-1-comment-regler-ce-probleme\/#breadcrumb","itemListElement":[{"@type":"ListItem","position":1,"name":"Accueil","item":"https:\/\/le-bars.net\/yoann\/fr\/"},{"@type":"ListItem","position":2,"name":"Macaron\u00a0Cassis\u00a0Violette \u2013 Saison 2, \u00e9pisode 1\u00a0: Comment r\u00e9gler ce probl\u00e8me"}]},{"@type":"WebSite","@id":"https:\/\/le-bars.net\/yoann\/#website","url":"https:\/\/le-bars.net\/yoann\/","name":"Vu d\u2019ici","description":"Pages personnelles de Yoann LE\u00a0BARS","publisher":{"@id":"https:\/\/le-bars.net\/yoann\/#\/schema\/person\/90c5a2de7ad2db1184bbe140ebea1576"},"potentialAction":[{"@type":"SearchAction","target":{"@type":"EntryPoint","urlTemplate":"https:\/\/le-bars.net\/yoann\/?s={search_term_string}"},"query-input":{"@type":"PropertyValueSpecification","valueRequired":true,"valueName":"search_term_string"}}],"inLanguage":"fr-FR"},{"@type":["Person","Organization"],"@id":"https:\/\/le-bars.net\/yoann\/#\/schema\/person\/90c5a2de7ad2db1184bbe140ebea1576","name":"Yoann Le Bars","image":{"@type":"ImageObject","inLanguage":"fr-FR","@id":"https:\/\/le-bars.net\/yoann\/#\/schema\/person\/image\/","url":"https:\/\/i0.wp.com\/le-bars.net\/yoann\/wordpress\/wp-content\/uploads\/2020\/11\/fec731577f2c05141910be0dc3ef5bb2.jpeg?fit=80%2C80&ssl=1","contentUrl":"https:\/\/i0.wp.com\/le-bars.net\/yoann\/wordpress\/wp-content\/uploads\/2020\/11\/fec731577f2c05141910be0dc3ef5bb2.jpeg?fit=80%2C80&ssl=1","width":80,"height":80,"caption":"Yoann Le Bars"},"logo":{"@id":"https:\/\/le-bars.net\/yoann\/#\/schema\/person\/image\/"},"description":"Un enseignant-chercheur avec un peu trop de centres d\u2019int\u00e9r\u00eats pour pouvoir r\u00e9sumer\u2026","sameAs":["http:\/\/le-bars.net\/yoann"]}]}},"jetpack_featured_media_url":"","jetpack_shortlink":"https:\/\/wp.me\/p61hos-1s4","jetpack-related-posts":[{"id":5622,"url":"https:\/\/le-bars.net\/yoann\/fr\/2024\/12\/01\/macaron-cassis-violette-saison-2-episode-3-meme-le-diable-proteste\/","url_meta":{"origin":5584,"position":0},"title":"Macaron Cassis Violette \u2013 Saison 2, \u00e9pisode 3\u00a0: M\u00eame le Diable proteste\u202f!","author":"Yoann Le Bars","date":"1 d\u00e9cembre 2024","format":"video","excerpt":"https:\/\/vimeo.com\/1034900025?share=copy#t=0 Macaron Cassis Violette \u2013 Saison 2, \u00e9pisode 3\u00a0: M\u00eame le Diable proteste\u202f! Troisi\u00e8me \u00e9pisode de la saison 2 de Macarons\u00a0Cassis\u00a0Violette, diffus\u00e9 initialement sur la cha\u00eene Twitch de la Sorcenouille lors de la Revue\u00a0de\u00a0presse\u00a0des\u00a0chapoules du 11\u00a0novembre\u00a02024. Tandis que le gouvernement est inquiet des agissements des gauchistes, Baphomet, en tant que\u2026","rel":"","context":"Dans &quot;Culture&quot;","block_context":{"text":"Culture","link":"https:\/\/le-bars.net\/yoann\/fr\/category\/culture\/"},"img":{"alt_text":"","src":"","width":0,"height":0},"classes":[]},{"id":5579,"url":"https:\/\/le-bars.net\/yoann\/fr\/2024\/11\/25\/macaron-cassis-violette-tous-les-episodes\/","url_meta":{"origin":5584,"position":1},"title":"Macaron\u00a0Cassis Violette \u2013 tous les \u00e9pisodes","author":"Yoann Le Bars","date":"25 novembre 2024","format":false,"excerpt":"La s\u00e9rie Macaron\u00a0Cassis\u00a0Violette est une s\u00e9rie satirique, qui commente l\u2019actualit\u00e9 avec des marionnettes. Chaque \u00e9pisode est accompagn\u00e9 d\u2019un ensemble de sources documentant les faits comment\u00e9s. Parce que l\u2019humour, c'est s\u00e9rieux, il ne faut pas le laisser \u00e0 des rigolos\u202f! Un nouvel \u00e9pisode est diffus\u00e9 tous les lundis soir sur la\u2026","rel":"","context":"Dans &quot;Culture&quot;","block_context":{"text":"Culture","link":"https:\/\/le-bars.net\/yoann\/fr\/category\/culture\/"},"img":{"alt_text":"","src":"","width":0,"height":0},"classes":[]},{"id":7373,"url":"https:\/\/le-bars.net\/yoann\/fr\/2025\/07\/01\/macaron-cassis-violette-saison-2-episode-29-la-popote-de-popotamou\/","url_meta":{"origin":5584,"position":2},"title":"Macaron Cassis Violette \u2013 Saison 2, \u00e9pisode 29\u00a0: La Popote de Popotamou","author":"Yoann Le Bars","date":"1 juillet 2025","format":false,"excerpt":"https:\/\/vimeo.com\/1097955083?share=copy#t=0 Macaron\u00a0Cassis\u00a0Violette \u2013 Saison 2, \u00e9pisode 29\u00a0: La Popote de Popotamou Vingt-neuvi\u00e8me \u00e9pisode de la saison\u00a02 de Macaron\u00a0Cassis\u00a0Violette, diffus\u00e9 initialement sur la cha\u00eene Twitch de la Sorcenouille lors de la Revue\u00a0de\u00a0presse\u00a0des\u00a0chapoules du 9\u00a0juin\u00a02025. L\u2019\u00e9mission Affaires\u00a0d\u2019\u00e9tat,\u00a0secrets\u00a0\u00e9clat\u00e9s revient sur l\u2019audition de monsieur Popotamou dans le cadre de l\u2019affaire B\u00e9tharram. Les \u00e9quipes de\u2026","rel":"","context":"Dans &quot;Non class\u00e9&quot;","block_context":{"text":"Non class\u00e9","link":"https:\/\/le-bars.net\/yoann\/fr\/category\/non-classe\/"},"img":{"alt_text":"","src":"","width":0,"height":0},"classes":[]},{"id":6367,"url":"https:\/\/le-bars.net\/yoann\/fr\/2025\/02\/12\/macaron-cassis-violette-saison-2-episode-16-escalade-mediatique\/","url_meta":{"origin":5584,"position":3},"title":"Macaron\u00a0Cassis\u00a0Violette \u2013 Saison\u00a02, \u00e9pisode\u00a016\u00a0: Escalade m\u00e9diatique","author":"Yoann Le Bars","date":"12 f\u00e9vrier 2025","format":"video","excerpt":"https:\/\/vimeo.com\/1056103960?share=copy#t=0 Macaron\u00a0Cassis\u00a0Violette --. Saison\u00a02, \u00e9pisode\u00a016\u00a0: Escalade m\u00e9diatique Seizi\u00e8me \u00e9pisode de la saison 2 de Macaron\u00a0Cassis\u00a0Violette, diffus\u00e9 initialement sur la cha\u00eene Twitch de la Sorcenouille lors de la Revue\u00a0de\u00a0presse\u00a0des\u00a0chapoules du 10\u00a0f\u00e9vrier\u00a02024. Cassis\u00a0de\u00a0Barbarie est en concurrence avec les autres m\u00e9dias. Que faire lorsqu\u2019un concurrent lance des horreurs face \u00e0 un ministre de\u2026","rel":"","context":"Dans &quot;Culture&quot;","block_context":{"text":"Culture","link":"https:\/\/le-bars.net\/yoann\/fr\/category\/culture\/"},"img":{"alt_text":"","src":"","width":0,"height":0},"classes":[]},{"id":5929,"url":"https:\/\/le-bars.net\/yoann\/fr\/2025\/01\/06\/macaron-cassis-violette-saison-2-episode-10-necromancie-gouvernementale\/","url_meta":{"origin":5584,"position":4},"title":"Macaron\u00a0Cassis\u00a0Violette \u2013 Saison 2, \u00e9pisode 10\u00a0: N\u00e9cromancie gouvernementale","author":"Yoann Le Bars","date":"6 janvier 2025","format":"video","excerpt":"https:\/\/vimeo.com\/1044411723?share=copy#t=0 Macaron\u00a0Cassis\u00a0Violette \u2013 Saison\u00a02, \u00e9pisode\u00a010\u00a0: N\u00e9cromancie\u00a0gouvernementale Dixi\u00e8me \u00e9pisode de la saison 2 de Macarons\u00a0Cassis\u00a0Violette, diffus\u00e9 initialement sur la cha\u00eene Twitch de la Sorcenouille lors de la Revue\u00a0de\u00a0presse\u00a0des\u00a0chapoules du 30\u00a0d\u00e9cembre\u00a02024. Le pr\u00e9sident de l\u2019Enlys\u00e9e parle trop pour son propre bien. Monsieur Popotamou doit, de toute urgence, trouver des ministres pour faire\u2026","rel":"","context":"Dans &quot;Culture&quot;","block_context":{"text":"Culture","link":"https:\/\/le-bars.net\/yoann\/fr\/category\/culture\/"},"img":{"alt_text":"","src":"","width":0,"height":0},"classes":[]},{"id":5782,"url":"https:\/\/le-bars.net\/yoann\/fr\/2024\/12\/14\/macaron-cassis-violette-saison-2-episode-7-emeutes-halals\/","url_meta":{"origin":5584,"position":5},"title":"Macaron\u00a0Cassis\u00a0Violette \u2013 Saison 2, \u00e9pisode 7\u00a0: \u00c9meutes\u00a0halals","author":"Yoann Le Bars","date":"14 d\u00e9cembre 2024","format":"video","excerpt":"https:\/\/vimeo.com\/1039143030?share=copy#t=0 Macaron\u00a0Cassis\u00a0Violette \u2013 Saison 2, \u00e9pisode 7\u00a0: \u00c9meutes halals Septi\u00e8me \u00e9pisode de la saison 2 de Macarons\u00a0Cassis\u00a0Violette, diffus\u00e9 initialement sur la cha\u00eene Twitch de la Sorcenouille lors de la Revue\u00a0de\u00a0presse\u00a0des\u00a0chapoules du 9\u00a0d\u00e9cembre\u00a02024. Le gouvernement a \u00e9t\u00e9 censur\u00e9, mais il y a plus important\u00a0: la culture fran\u00e7aise est en danger\u202f! Sur\u2026","rel":"","context":"Dans &quot;Culture&quot;","block_context":{"text":"Culture","link":"https:\/\/le-bars.net\/yoann\/fr\/category\/culture\/"},"img":{"alt_text":"","src":"","width":0,"height":0},"classes":[]}],"jetpack_sharing_enabled":true,"_links":{"self":[{"href":"https:\/\/le-bars.net\/yoann\/wp-json\/wp\/v2\/posts\/5584","targetHints":{"allow":["GET"]}}],"collection":[{"href":"https:\/\/le-bars.net\/yoann\/wp-json\/wp\/v2\/posts"}],"about":[{"href":"https:\/\/le-bars.net\/yoann\/wp-json\/wp\/v2\/types\/post"}],"author":[{"embeddable":true,"href":"https:\/\/le-bars.net\/yoann\/wp-json\/wp\/v2\/users\/1"}],"replies":[{"embeddable":true,"href":"https:\/\/le-bars.net\/yoann\/wp-json\/wp\/v2\/comments?post=5584"}],"version-history":[{"count":20,"href":"https:\/\/le-bars.net\/yoann\/wp-json\/wp\/v2\/posts\/5584\/revisions"}],"predecessor-version":[{"id":5675,"href":"https:\/\/le-bars.net\/yoann\/wp-json\/wp\/v2\/posts\/5584\/revisions\/5675"}],"wp:attachment":[{"href":"https:\/\/le-bars.net\/yoann\/wp-json\/wp\/v2\/media?parent=5584"}],"wp:term":[{"taxonomy":"category","embeddable":true,"href":"https:\/\/le-bars.net\/yoann\/wp-json\/wp\/v2\/categories?post=5584"},{"taxonomy":"post_tag","embeddable":true,"href":"https:\/\/le-bars.net\/yoann\/wp-json\/wp\/v2\/tags?post=5584"}],"curies":[{"name":"wp","href":"https:\/\/api.w.org\/{rel}","templated":true}]}}