{"id":5985,"date":"2025-01-09T15:26:45","date_gmt":"2025-01-09T13:26:45","guid":{"rendered":"https:\/\/le-bars.net\/yoann\/?p=5985"},"modified":"2025-01-09T15:26:49","modified_gmt":"2025-01-09T13:26:49","slug":"macaron-cassis-violette-saison-2-episode-11-tous-nos-voeux-dingratitude","status":"publish","type":"post","link":"https:\/\/le-bars.net\/yoann\/fr\/2025\/01\/09\/macaron-cassis-violette-saison-2-episode-11-tous-nos-voeux-dingratitude\/","title":{"rendered":"Macaron\u00a0Cassis\u00a0Violette \u2013 Saison 2, \u00e9pisode 11\u00a0: Tous nos v\u0153ux d\u2019ingratitude"},"content":{"rendered":"\n<figure class=\"wp-block-embed is-type-video is-provider-vimeo wp-block-embed-vimeo wp-embed-aspect-16-9 wp-has-aspect-ratio\"><div class=\"wp-block-embed__wrapper\">\n<iframe loading=\"lazy\" title=\"Macaron Cassis Violette \u2013 Saison 2, \u00e9pisode 11\u00a0: Tous nos v\u0153ux d\u2019ingratitude\" src=\"https:\/\/player.vimeo.com\/video\/1045342236?dnt=1&amp;app_id=122963\" width=\"660\" height=\"371\" frameborder=\"0\" allow=\"autoplay; fullscreen; picture-in-picture; clipboard-write; encrypted-media\"><\/iframe>\n<\/div><figcaption class=\"wp-element-caption\">Macaron Cassis Violette \u2013 Saison 2, \u00e9pisode 11\u00a0: Tous nos v\u0153ux d\u2019ingratitude<\/figcaption><\/figure>\n\n\n\n<p>Onzi\u00e8me \u00e9pisode de la saison 2 de <em>Macarons&nbsp;Cassis&nbsp;Violette<\/em>, diffus\u00e9 initialement sur la <a title=\"La Sorcenouille\" href=\"https:\/\/www.twitch.tv\/sorcenouille\" target=\"_blank\" rel=\"noreferrer noopener\">cha\u00eene Twitch de la Sorcenouille<\/a> lors de la <em>Revue&nbsp;de&nbsp;presse&nbsp;des&nbsp;chapoules<\/em> du 6&nbsp;janvier&nbsp;2024.<\/p>\n\n\n\n<!--more-->\n\n\n\n<p>Le Ministre&nbsp;de&nbsp;tout et le Ministre&nbsp;du&nbsp;reste se demandent \u00e0 quoi peuvent servir les nouveaux ministres morts-vivants. Ils vont pourtant tr\u00e8s vite se r\u00e9v\u00e9ler tr\u00e8s utiles.<\/p>\n\n\n\n<ul class=\"wp-block-list\">\n<li>Sur une id\u00e9e originale de <a title=\"La cha\u00eene Youtube Dessine moi une question\" href=\"https:\/\/www.youtube.com\/@dessine-moi_une_question\" target=\"_blank\" rel=\"noreferrer noopener\">Chlo\u00e9&nbsp;<span style=\"font-variant: small-caps;\">Debauges<\/span><\/a><\/li>\n\n\n\n<li>Texte&nbsp;: Chlo\u00e9&nbsp;<span style=\"font-variant: small-caps;\">Debauges<\/span> et Yoann&nbsp;<span style=\"font-variant: small-caps;\">Le&nbsp;Bars<\/span><\/li>\n\n\n\n<li>Musiques et montage son&nbsp;: Yoann&nbsp;<span style=\"font-variant: small-caps;\">Le&nbsp;Bars<\/span><\/li>\n\n\n\n<li>Images et montage&nbsp;: Chlo\u00e9&nbsp;<span style=\"font-variant: small-caps;\">Debauges<\/span><\/li>\n\n\n\n<li>Maniement des marionnettes et accessoires&nbsp;: Chlo\u00e9&nbsp;<span style=\"font-variant: small-caps;\">Debauges<\/span><\/li>\n\n\n\n<li>Voix&nbsp;:\n<ul class=\"wp-block-list\">\n<li>Cassis&nbsp;de&nbsp;Barbarie&nbsp;(le canard)&nbsp;: Yoann&nbsp;<span style=\"font-variant: small-caps;\">Le&nbsp;Bars<\/span><\/li>\n\n\n\n<li>Le&nbsp;Pr\u00e9sident&nbsp;de&nbsp;l\u2019Enlys\u00e9e (Guignol)&nbsp;: Emmanuel&nbsp;<span style=\"font-variant: small-caps;\">Macron<\/span><\/li>\n\n\n\n<li>Ministre&nbsp;De&nbsp;Tout (le Gendarme)&nbsp;: Inspecteur&nbsp;Wouf&nbsp;Wouf<\/li>\n\n\n\n<li>Popotamou (l\u2019hippopotame)&nbsp;: Yoann&nbsp;<span style=\"font-variant: small-caps;\">Le&nbsp;Bars<\/span><\/li>\n\n\n\n<li>Monsieur Maximilien (le gilet jaune)&nbsp;: Yoann&nbsp;<span style=\"font-variant: small-caps;\">Le&nbsp;Bars<\/span><\/li>\n\n\n\n<li>Le petit cochon rouge&nbsp;: Evan<\/li>\n\n\n\n<li>Ministre&nbsp;Du&nbsp;Reste (Gnafron)&nbsp;: Marlon<\/li>\n<\/ul>\n<\/li>\n<\/ul>\n\n\n\n<p>Sources pour l\u2019\u00e9pisode&nbsp;:<\/p>\n\n\n\n<ul class=\"wp-block-list\">\n<li>Am\u00e9lie (26\/11\/2024). \u00ab\u202fCombien y a-t-il de passoires thermiques\u202f? Les statistiques en France\u202f\u00bb, <em>Hellio<\/em>. <a title=\"Combien y a-t-il de passoires thermiques\u202f? Les statistiques en France\" href=\"https:\/\/particulier.hellio.com\/blog\/actualites\/passoires-thermiques-statistiques\" target=\"_blank\" rel=\"noreferrer noopener\">Disponible en ligne<\/a>.<\/li>\n\n\n\n<li><span style=\"font-variant: small-caps;\">Debauges<\/span>, Chlo\u00e9 et Yoann&nbsp;<span style=\"font-variant: small-caps;\">Le&nbsp;Bars<\/span> (30\/12\/2024). \u00ab\u202fMacaron&nbsp;Cassis&nbsp;Violette \u2013 Saison&nbsp;2, \u00e9pisode&nbsp;10&nbsp;: N\u00e9cromancie gouvernementale\u202f\u00bb, <em>Dessine-moi&nbsp;une&nbsp;question<\/em>. <a title=\"N\u00e9cromancie gouvernementale\" href=\"https:\/\/le-bars.net\/yoann\/fr\/2025\/01\/06\/macaron-cassis-violette-saison-2-episode-10-necromancie-gouvernementale\/\">Disponible sur ce site<\/a>.<\/li>\n\n\n\n<li>Photo de Mayotte&nbsp;: \u00a9 AFP \u2013 AFP Photo \/ S\u00e9curit\u00e9&nbsp;civile&nbsp;\/ Handout, <em>via<\/em> <a title=\"L\u2019image sur le site de France&nbsp;Bleue\" href=\"https:\/\/www.francebleu.fr\/infos\/environnement\/cyclone-a-mayotte-l-aide-viendra-aussi-de-l-espace-et-sera-en-partie-pilotee-de-toulouse-7827343\" target=\"_blank\" rel=\"noreferrer noopener\">France&nbsp;Bleue<\/a>.<\/li>\n\n\n\n<li>Mayotte&nbsp;la&nbsp;Premi\u00e8re (30\/12\/2024). \u00ab\u202fLa journ\u00e9e de visite du premier ministre Fran\u00e7ois&nbsp;<span style=\"font-variant: small-caps;\">Bayrou<\/span> \u00e0 Mayotte\u202f\u00bb, <em>France&nbsp;T\u00e9l\u00e9vision<\/em>. <a title=\"La journ\u00e9e de visite du premier ministre Fran\u00e7ois&nbsp;Bayrou \u00e0 Mayotte\" href=\"https:\/\/la1ere.francetvinfo.fr\/mayotte\/direct-francois-bayrou-a-mayotte-suivez-en-direct-la-visite-du-premier-ministre-apres-le-cyclone-chido-1549474.html\" target=\"_blank\" rel=\"noreferrer noopener\">Disponible en ligne<\/a>.<\/li>\n\n\n\n<li>BFMTV (30\/12\/2024). \u00ab\u202f\u201cPersonne n\u2019est venu\u201d dans les bidonvilles&nbsp;: \u00c9lisabeth&nbsp;<span style=\"font-variant: small-caps;\">Borne<\/span> prise \u00e0 partie \u00e0 Mayotte\u202f\u00bb. <a title=\"\u201cPersonne n\u2019est venu\u201d dans les bidonvilles&nbsp;: \u00c9lisabeth&nbsp;Borne prise \u00e0 partie \u00e0 Mayotte\" href=\"https:\/\/www.youtube.com\/shorts\/8y51Majgqag\" target=\"_blank\" rel=\"noreferrer noopener\">Disponible en ligne<\/a>.<\/li>\n\n\n\n<li><span style=\"font-variant: small-caps;\">Lausson<\/span>, Julien (31\/12\/2024). \u00ab\u202fCatastrophe \u00e0 Mayotte&nbsp;: Orange s\u2019\u00e9nerve du choix de <span style=\"font-variant: small-caps;\">Bayrou<\/span> de recourir \u00e0 Starlink\u202f\u00bb, <em>Num\u00e9rama<\/em>. <a title=\"Catastrophe \u00e0 Mayotte&nbsp;: Orange s\u2019\u00e9nerve du choix de Bayrou de recourir \u00e0 Starlink\" href=\"https:\/\/www.numerama.com\/tech\/1874180-catastrophe-a-mayotte-orange-senerve-du-choix-de-bayrou-de-recourir-a-starlink.html\" target=\"_blank\" rel=\"noreferrer noopener\">Disponible en ligne<\/a>.<\/li>\n\n\n\n<li><span style=\"font-variant: small-caps;\">Debauges<\/span>, Chlo\u00e9 et Yoann&nbsp;<span style=\"font-variant: small-caps;\">Le&nbsp;Bars<\/span> (18\/11\/2024). \u00ab\u202fMacaron&nbsp;Cassis&nbsp;Violette \u2013 Saison&nbsp;2, \u00e9pisode&nbsp;4&nbsp;: Ping-pong&nbsp;carnivore\u202f\u00bb, <em>Dessine-moi&nbsp;une&nbsp;question<\/em>. <a title=\"Ping-pong carnivore\" href=\"https:\/\/le-bars.net\/yoann\/fr\/2024\/12\/01\/macaron-cassis-violette-saison-2-episode-4-ping-pong-carnivore\/\">Disponible sur ce site<\/a>.<\/li>\n\n\n\n<li><span style=\"font-variant: small-caps;\">Grasland<\/span>, Emmanuel (29\/12\/2024). \u00ab\u202fAllemagne&nbsp;: Elon&nbsp;<span style=\"font-variant: small-caps;\">Musk<\/span> r\u00e9it\u00e8re son soutien \u00e0 l\u2019extr\u00eame droite dans une tribune au vitriol\u202f\u00bb, <em>Les&nbsp;\u00c9chos<\/em>. <a title=\"Allemagne&nbsp;: Elon&nbsp;Musk r\u00e9it\u00e8re son soutien \u00e0 l\u2019extr\u00eame droite dans une tribune au vitriol\" href=\"https:\/\/www.lesechos.fr\/monde\/europe\/allemagne-elon-musk-reitere-son-soutien-a-lextreme-droite-dans-une-tribune-au-vitriol-2139814\" target=\"_blank\" rel=\"noreferrer noopener\">Disponible en ligne<\/a>.<\/li>\n\n\n\n<li><span style=\"font-variant: small-caps;\">Szafran<\/span>, Maurice (24\/12\/2024). \u00ab\u202f<span style=\"font-variant: small-caps;\">Retailleau<\/span>-<span style=\"font-variant: small-caps;\">Darmanin<\/span>, la machine de guerre anti-<span style=\"font-variant: small-caps;\">Le&nbsp;Pen<\/span> de <span style=\"font-variant: small-caps;\">Bayrou<\/span>\u202f\u00bb, <em>Challenges<\/em>. <a title=\"Retailleau-Darmanin, la machine de guerre anti-Le&nbsp;Pen de Bayrou\" href=\"https:\/\/www.challenges.fr\/politique\/retailleau-darmanin-la-machine-de-guerre-anti-le-pen-de-bayrou_594727\" target=\"_blank\" rel=\"noreferrer noopener\">Disponible en ligne<\/a>.<\/li>\n\n\n\n<li>Les courbes de tendances pr\u00e9sent\u00e9es \u00e0 la fin de l\u2019\u00e9pisode ont \u00e9t\u00e9 g\u00e9n\u00e9r\u00e9es gr\u00e2ce \u00e0 notre travail sur les statistiques, <a title=\"La&nbsp;Geste&nbsp;des&nbsp;statistiques&nbsp;et&nbsp;de&nbsp;l\u2019opinion \u2013 Tous les \u00e9pisodes\" href=\"https:\/\/le-bars.net\/yoann\/fr\/2024\/10\/28\/la-geste-des-statistiques-et-de-lopinion-tous-les-episodes\/\">disponible sur ce site<\/a>.<\/li>\n\n\n\n<li>La musique accompagnant les ministres morts-vivants et les \u00e9meutes qui suivent, intitul\u00e9e \u00ab\u202fMarche&nbsp;des&nbsp;ministres&nbsp;morts-vivants\u202f\u00bb, est fortement inspir\u00e9e de <a title=\"Marche de Radetzky\" href=\"https:\/\/fr.wikipedia.org\/wiki\/Marche_de_Radetzky\" target=\"_blank\" rel=\"noreferrer noopener\">\u00ab\u202f<span style=\"font-variant: small-caps;\">Radetzky<\/span>-Marsch\u202f\u00bb (opus 228)<\/a> de <a title=\"Johann Strauss\" href=\"https:\/\/fr.wikipedia.org\/wiki\/Johann_Strauss\" target=\"_blank\" rel=\"noreferrer noopener\">Johann&nbsp;<span style=\"font-variant: small-caps;\">Strauss<\/span>&nbsp;p\u00e8re<\/a> et de la <a title=\"Marche des gendarmes\" href=\"https:\/\/fr.wikipedia.org\/wiki\/Marche_des_Gendarmes\" target=\"_blank\" rel=\"noreferrer noopener\">\u00ab\u202fMarche&nbsp;des&nbsp;gendarmes\u202f\u00bb<\/a> de <a title=\"Raymond Lefebvre\" href=\"https:\/\/fr.wikipedia.org\/wiki\/Raymond_Lefebvre_(compositeur)\" target=\"_blank\" rel=\"noreferrer noopener\">Raymond&nbsp;<span style=\"font-variant: small-caps;\">Lefebvre<\/span><\/a>.<\/li>\n<\/ul>\n","protected":false},"excerpt":{"rendered":"<p>Onzi\u00e8me \u00e9pisode de la saison 2 de Macarons&nbsp;Cassis&nbsp;Violette, diffus\u00e9 initialement sur la cha\u00eene Twitch de la Sorcenouille lors de la Revue&nbsp;de&nbsp;presse&nbsp;des&nbsp;chapoules du 6&nbsp;janvier&nbsp;2024.<\/p>\n","protected":false},"author":1,"featured_media":0,"comment_status":"open","ping_status":"open","sticky":false,"template":"","format":"video","meta":{"jetpack_post_was_ever_published":false,"_jetpack_newsletter_access":"","_jetpack_dont_email_post_to_subs":false,"_jetpack_newsletter_tier_id":0,"_jetpack_memberships_contains_paywalled_content":false,"_jetpack_memberships_contains_paid_content":false,"footnotes":""},"categories":[24,79,15,147],"tags":[112,196,83],"class_list":["post-5985","post","type-post","status-publish","format-video","hentry","category-culture","category-point-de-vue","category-politique","category-societe","tag-culture-fr","tag-humour-fr","tag-societe","post_format-post-format-video"],"yoast_head":"<!-- This site is optimized with the Yoast SEO plugin v27.1.1 - https:\/\/yoast.com\/product\/yoast-seo-wordpress\/ -->\n<title>Macaron\u00a0Cassis\u00a0Violette \u2013 Saison 2, \u00e9pisode 11\u00a0: Tous nos v\u0153ux d\u2019ingratitude &#8211; Vu d\u2019ici<\/title>\n<meta name=\"description\" content=\"Onzi\u00e8me \u00e9pisode de la deuxi\u00e8me saison de la s\u00e9rie de commentaires satiriques de l\u2019actualit\u00e9 intitul\u00e9e Macaron Cassis Violette.\" \/>\n<meta name=\"robots\" content=\"index, follow, max-snippet:-1, max-image-preview:large, max-video-preview:-1\" \/>\n<link rel=\"canonical\" href=\"https:\/\/le-bars.net\/yoann\/fr\/2025\/01\/09\/macaron-cassis-violette-saison-2-episode-11-tous-nos-voeux-dingratitude\/\" \/>\n<meta property=\"og:locale\" content=\"fr_FR\" \/>\n<meta property=\"og:type\" content=\"article\" \/>\n<meta property=\"og:title\" content=\"Macaron\u00a0Cassis\u00a0Violette \u2013 Saison 2, \u00e9pisode 11\u00a0: Tous nos v\u0153ux d\u2019ingratitude &#8211; Vu d\u2019ici\" \/>\n<meta property=\"og:description\" content=\"Onzi\u00e8me \u00e9pisode de la deuxi\u00e8me saison de la s\u00e9rie de commentaires satiriques de l\u2019actualit\u00e9 intitul\u00e9e Macaron Cassis Violette.\" \/>\n<meta property=\"og:url\" content=\"https:\/\/le-bars.net\/yoann\/fr\/2025\/01\/09\/macaron-cassis-violette-saison-2-episode-11-tous-nos-voeux-dingratitude\/\" \/>\n<meta property=\"og:site_name\" content=\"Vu d\u2019ici\" \/>\n<meta property=\"article:published_time\" content=\"2025-01-09T13:26:45+00:00\" \/>\n<meta property=\"article:modified_time\" content=\"2025-01-09T13:26:49+00:00\" \/>\n<meta name=\"author\" content=\"Yoann Le Bars\" \/>\n<meta name=\"twitter:card\" content=\"summary_large_image\" \/>\n<meta name=\"twitter:label1\" content=\"\u00c9crit par\" \/>\n\t<meta name=\"twitter:data1\" content=\"Yoann Le Bars\" \/>\n\t<meta name=\"twitter:label2\" content=\"Dur\u00e9e de lecture estim\u00e9e\" \/>\n\t<meta name=\"twitter:data2\" content=\"2 minutes\" \/>\n<script type=\"application\/ld+json\" class=\"yoast-schema-graph\">{\"@context\":\"https:\/\/schema.org\",\"@graph\":[{\"@type\":\"Article\",\"@id\":\"https:\/\/le-bars.net\/yoann\/fr\/2025\/01\/09\/macaron-cassis-violette-saison-2-episode-11-tous-nos-voeux-dingratitude\/#article\",\"isPartOf\":{\"@id\":\"https:\/\/le-bars.net\/yoann\/fr\/2025\/01\/09\/macaron-cassis-violette-saison-2-episode-11-tous-nos-voeux-dingratitude\/\"},\"author\":{\"name\":\"Yoann Le Bars\",\"@id\":\"https:\/\/le-bars.net\/yoann\/#\/schema\/person\/90c5a2de7ad2db1184bbe140ebea1576\"},\"headline\":\"Macaron\u00a0Cassis\u00a0Violette \u2013 Saison 2, \u00e9pisode 11\u00a0: Tous nos v\u0153ux d\u2019ingratitude\",\"datePublished\":\"2025-01-09T13:26:45+00:00\",\"dateModified\":\"2025-01-09T13:26:49+00:00\",\"mainEntityOfPage\":{\"@id\":\"https:\/\/le-bars.net\/yoann\/fr\/2025\/01\/09\/macaron-cassis-violette-saison-2-episode-11-tous-nos-voeux-dingratitude\/\"},\"wordCount\":506,\"commentCount\":1,\"publisher\":{\"@id\":\"https:\/\/le-bars.net\/yoann\/#\/schema\/person\/90c5a2de7ad2db1184bbe140ebea1576\"},\"keywords\":[\"Culture\",\"Humour\",\"Soci\u00e9t\u00e9\"],\"articleSection\":[\"Culture\",\"Point de vue\",\"Politique\",\"Soci\u00e9t\u00e9\"],\"inLanguage\":\"fr-FR\",\"potentialAction\":[{\"@type\":\"CommentAction\",\"name\":\"Comment\",\"target\":[\"https:\/\/le-bars.net\/yoann\/fr\/2025\/01\/09\/macaron-cassis-violette-saison-2-episode-11-tous-nos-voeux-dingratitude\/#respond\"]}]},{\"@type\":\"WebPage\",\"@id\":\"https:\/\/le-bars.net\/yoann\/fr\/2025\/01\/09\/macaron-cassis-violette-saison-2-episode-11-tous-nos-voeux-dingratitude\/\",\"url\":\"https:\/\/le-bars.net\/yoann\/fr\/2025\/01\/09\/macaron-cassis-violette-saison-2-episode-11-tous-nos-voeux-dingratitude\/\",\"name\":\"Macaron\u00a0Cassis\u00a0Violette \u2013 Saison 2, \u00e9pisode 11\u00a0: Tous nos v\u0153ux d\u2019ingratitude &#8211; Vu d\u2019ici\",\"isPartOf\":{\"@id\":\"https:\/\/le-bars.net\/yoann\/#website\"},\"datePublished\":\"2025-01-09T13:26:45+00:00\",\"dateModified\":\"2025-01-09T13:26:49+00:00\",\"description\":\"Onzi\u00e8me \u00e9pisode de la deuxi\u00e8me saison de la s\u00e9rie de commentaires satiriques de l\u2019actualit\u00e9 intitul\u00e9e Macaron Cassis Violette.\",\"breadcrumb\":{\"@id\":\"https:\/\/le-bars.net\/yoann\/fr\/2025\/01\/09\/macaron-cassis-violette-saison-2-episode-11-tous-nos-voeux-dingratitude\/#breadcrumb\"},\"inLanguage\":\"fr-FR\",\"potentialAction\":[{\"@type\":\"ReadAction\",\"target\":[\"https:\/\/le-bars.net\/yoann\/fr\/2025\/01\/09\/macaron-cassis-violette-saison-2-episode-11-tous-nos-voeux-dingratitude\/\"]}]},{\"@type\":\"BreadcrumbList\",\"@id\":\"https:\/\/le-bars.net\/yoann\/fr\/2025\/01\/09\/macaron-cassis-violette-saison-2-episode-11-tous-nos-voeux-dingratitude\/#breadcrumb\",\"itemListElement\":[{\"@type\":\"ListItem\",\"position\":1,\"name\":\"Accueil\",\"item\":\"https:\/\/le-bars.net\/yoann\/fr\/\"},{\"@type\":\"ListItem\",\"position\":2,\"name\":\"Macaron\u00a0Cassis\u00a0Violette \u2013 Saison 2, \u00e9pisode 11\u00a0: Tous nos v\u0153ux d\u2019ingratitude\"}]},{\"@type\":\"WebSite\",\"@id\":\"https:\/\/le-bars.net\/yoann\/#website\",\"url\":\"https:\/\/le-bars.net\/yoann\/\",\"name\":\"Vu d\u2019ici\",\"description\":\"Pages personnelles de Yoann LE\u00a0BARS\",\"publisher\":{\"@id\":\"https:\/\/le-bars.net\/yoann\/#\/schema\/person\/90c5a2de7ad2db1184bbe140ebea1576\"},\"potentialAction\":[{\"@type\":\"SearchAction\",\"target\":{\"@type\":\"EntryPoint\",\"urlTemplate\":\"https:\/\/le-bars.net\/yoann\/?s={search_term_string}\"},\"query-input\":{\"@type\":\"PropertyValueSpecification\",\"valueRequired\":true,\"valueName\":\"search_term_string\"}}],\"inLanguage\":\"fr-FR\"},{\"@type\":[\"Person\",\"Organization\"],\"@id\":\"https:\/\/le-bars.net\/yoann\/#\/schema\/person\/90c5a2de7ad2db1184bbe140ebea1576\",\"name\":\"Yoann Le Bars\",\"image\":{\"@type\":\"ImageObject\",\"inLanguage\":\"fr-FR\",\"@id\":\"https:\/\/le-bars.net\/yoann\/#\/schema\/person\/image\/\",\"url\":\"https:\/\/i0.wp.com\/le-bars.net\/yoann\/wordpress\/wp-content\/uploads\/2020\/11\/fec731577f2c05141910be0dc3ef5bb2.jpeg?fit=80%2C80&ssl=1\",\"contentUrl\":\"https:\/\/i0.wp.com\/le-bars.net\/yoann\/wordpress\/wp-content\/uploads\/2020\/11\/fec731577f2c05141910be0dc3ef5bb2.jpeg?fit=80%2C80&ssl=1\",\"width\":80,\"height\":80,\"caption\":\"Yoann Le Bars\"},\"logo\":{\"@id\":\"https:\/\/le-bars.net\/yoann\/#\/schema\/person\/image\/\"},\"description\":\"Un enseignant-chercheur avec un peu trop de centres d\u2019int\u00e9r\u00eats pour pouvoir r\u00e9sumer\u2026\",\"sameAs\":[\"http:\/\/le-bars.net\/yoann\"]}]}<\/script>\n<!-- \/ Yoast SEO plugin. -->","yoast_head_json":{"title":"Macaron\u00a0Cassis\u00a0Violette \u2013 Saison 2, \u00e9pisode 11\u00a0: Tous nos v\u0153ux d\u2019ingratitude &#8211; Vu d\u2019ici","description":"Onzi\u00e8me \u00e9pisode de la deuxi\u00e8me saison de la s\u00e9rie de commentaires satiriques de l\u2019actualit\u00e9 intitul\u00e9e Macaron Cassis Violette.","robots":{"index":"index","follow":"follow","max-snippet":"max-snippet:-1","max-image-preview":"max-image-preview:large","max-video-preview":"max-video-preview:-1"},"canonical":"https:\/\/le-bars.net\/yoann\/fr\/2025\/01\/09\/macaron-cassis-violette-saison-2-episode-11-tous-nos-voeux-dingratitude\/","og_locale":"fr_FR","og_type":"article","og_title":"Macaron\u00a0Cassis\u00a0Violette \u2013 Saison 2, \u00e9pisode 11\u00a0: Tous nos v\u0153ux d\u2019ingratitude &#8211; Vu d\u2019ici","og_description":"Onzi\u00e8me \u00e9pisode de la deuxi\u00e8me saison de la s\u00e9rie de commentaires satiriques de l\u2019actualit\u00e9 intitul\u00e9e Macaron Cassis Violette.","og_url":"https:\/\/le-bars.net\/yoann\/fr\/2025\/01\/09\/macaron-cassis-violette-saison-2-episode-11-tous-nos-voeux-dingratitude\/","og_site_name":"Vu d\u2019ici","article_published_time":"2025-01-09T13:26:45+00:00","article_modified_time":"2025-01-09T13:26:49+00:00","author":"Yoann Le Bars","twitter_card":"summary_large_image","twitter_misc":{"\u00c9crit par":"Yoann Le Bars","Dur\u00e9e de lecture estim\u00e9e":"2 minutes"},"schema":{"@context":"https:\/\/schema.org","@graph":[{"@type":"Article","@id":"https:\/\/le-bars.net\/yoann\/fr\/2025\/01\/09\/macaron-cassis-violette-saison-2-episode-11-tous-nos-voeux-dingratitude\/#article","isPartOf":{"@id":"https:\/\/le-bars.net\/yoann\/fr\/2025\/01\/09\/macaron-cassis-violette-saison-2-episode-11-tous-nos-voeux-dingratitude\/"},"author":{"name":"Yoann Le Bars","@id":"https:\/\/le-bars.net\/yoann\/#\/schema\/person\/90c5a2de7ad2db1184bbe140ebea1576"},"headline":"Macaron\u00a0Cassis\u00a0Violette \u2013 Saison 2, \u00e9pisode 11\u00a0: Tous nos v\u0153ux d\u2019ingratitude","datePublished":"2025-01-09T13:26:45+00:00","dateModified":"2025-01-09T13:26:49+00:00","mainEntityOfPage":{"@id":"https:\/\/le-bars.net\/yoann\/fr\/2025\/01\/09\/macaron-cassis-violette-saison-2-episode-11-tous-nos-voeux-dingratitude\/"},"wordCount":506,"commentCount":1,"publisher":{"@id":"https:\/\/le-bars.net\/yoann\/#\/schema\/person\/90c5a2de7ad2db1184bbe140ebea1576"},"keywords":["Culture","Humour","Soci\u00e9t\u00e9"],"articleSection":["Culture","Point de vue","Politique","Soci\u00e9t\u00e9"],"inLanguage":"fr-FR","potentialAction":[{"@type":"CommentAction","name":"Comment","target":["https:\/\/le-bars.net\/yoann\/fr\/2025\/01\/09\/macaron-cassis-violette-saison-2-episode-11-tous-nos-voeux-dingratitude\/#respond"]}]},{"@type":"WebPage","@id":"https:\/\/le-bars.net\/yoann\/fr\/2025\/01\/09\/macaron-cassis-violette-saison-2-episode-11-tous-nos-voeux-dingratitude\/","url":"https:\/\/le-bars.net\/yoann\/fr\/2025\/01\/09\/macaron-cassis-violette-saison-2-episode-11-tous-nos-voeux-dingratitude\/","name":"Macaron\u00a0Cassis\u00a0Violette \u2013 Saison 2, \u00e9pisode 11\u00a0: Tous nos v\u0153ux d\u2019ingratitude &#8211; Vu d\u2019ici","isPartOf":{"@id":"https:\/\/le-bars.net\/yoann\/#website"},"datePublished":"2025-01-09T13:26:45+00:00","dateModified":"2025-01-09T13:26:49+00:00","description":"Onzi\u00e8me \u00e9pisode de la deuxi\u00e8me saison de la s\u00e9rie de commentaires satiriques de l\u2019actualit\u00e9 intitul\u00e9e Macaron Cassis Violette.","breadcrumb":{"@id":"https:\/\/le-bars.net\/yoann\/fr\/2025\/01\/09\/macaron-cassis-violette-saison-2-episode-11-tous-nos-voeux-dingratitude\/#breadcrumb"},"inLanguage":"fr-FR","potentialAction":[{"@type":"ReadAction","target":["https:\/\/le-bars.net\/yoann\/fr\/2025\/01\/09\/macaron-cassis-violette-saison-2-episode-11-tous-nos-voeux-dingratitude\/"]}]},{"@type":"BreadcrumbList","@id":"https:\/\/le-bars.net\/yoann\/fr\/2025\/01\/09\/macaron-cassis-violette-saison-2-episode-11-tous-nos-voeux-dingratitude\/#breadcrumb","itemListElement":[{"@type":"ListItem","position":1,"name":"Accueil","item":"https:\/\/le-bars.net\/yoann\/fr\/"},{"@type":"ListItem","position":2,"name":"Macaron\u00a0Cassis\u00a0Violette \u2013 Saison 2, \u00e9pisode 11\u00a0: Tous nos v\u0153ux d\u2019ingratitude"}]},{"@type":"WebSite","@id":"https:\/\/le-bars.net\/yoann\/#website","url":"https:\/\/le-bars.net\/yoann\/","name":"Vu d\u2019ici","description":"Pages personnelles de Yoann LE\u00a0BARS","publisher":{"@id":"https:\/\/le-bars.net\/yoann\/#\/schema\/person\/90c5a2de7ad2db1184bbe140ebea1576"},"potentialAction":[{"@type":"SearchAction","target":{"@type":"EntryPoint","urlTemplate":"https:\/\/le-bars.net\/yoann\/?s={search_term_string}"},"query-input":{"@type":"PropertyValueSpecification","valueRequired":true,"valueName":"search_term_string"}}],"inLanguage":"fr-FR"},{"@type":["Person","Organization"],"@id":"https:\/\/le-bars.net\/yoann\/#\/schema\/person\/90c5a2de7ad2db1184bbe140ebea1576","name":"Yoann Le Bars","image":{"@type":"ImageObject","inLanguage":"fr-FR","@id":"https:\/\/le-bars.net\/yoann\/#\/schema\/person\/image\/","url":"https:\/\/i0.wp.com\/le-bars.net\/yoann\/wordpress\/wp-content\/uploads\/2020\/11\/fec731577f2c05141910be0dc3ef5bb2.jpeg?fit=80%2C80&ssl=1","contentUrl":"https:\/\/i0.wp.com\/le-bars.net\/yoann\/wordpress\/wp-content\/uploads\/2020\/11\/fec731577f2c05141910be0dc3ef5bb2.jpeg?fit=80%2C80&ssl=1","width":80,"height":80,"caption":"Yoann Le Bars"},"logo":{"@id":"https:\/\/le-bars.net\/yoann\/#\/schema\/person\/image\/"},"description":"Un enseignant-chercheur avec un peu trop de centres d\u2019int\u00e9r\u00eats pour pouvoir r\u00e9sumer\u2026","sameAs":["http:\/\/le-bars.net\/yoann"]}]}},"jetpack_featured_media_url":"","jetpack_shortlink":"https:\/\/wp.me\/p61hos-1yx","jetpack-related-posts":[{"id":5579,"url":"https:\/\/le-bars.net\/yoann\/fr\/2024\/11\/25\/macaron-cassis-violette-tous-les-episodes\/","url_meta":{"origin":5985,"position":0},"title":"Macaron\u00a0Cassis Violette \u2013 tous les \u00e9pisodes","author":"Yoann Le Bars","date":"25 novembre 2024","format":false,"excerpt":"La s\u00e9rie Macaron\u00a0Cassis\u00a0Violette est une s\u00e9rie satirique, qui commente l\u2019actualit\u00e9 avec des marionnettes. Chaque \u00e9pisode est accompagn\u00e9 d\u2019un ensemble de sources documentant les faits comment\u00e9s. Parce que l\u2019humour, c'est s\u00e9rieux, il ne faut pas le laisser \u00e0 des rigolos\u202f! Un nouvel \u00e9pisode est diffus\u00e9 tous les lundis soir sur la\u2026","rel":"","context":"Dans &quot;Culture&quot;","block_context":{"text":"Culture","link":"https:\/\/le-bars.net\/yoann\/fr\/category\/culture\/"},"img":{"alt_text":"","src":"","width":0,"height":0},"classes":[]},{"id":5622,"url":"https:\/\/le-bars.net\/yoann\/fr\/2024\/12\/01\/macaron-cassis-violette-saison-2-episode-3-meme-le-diable-proteste\/","url_meta":{"origin":5985,"position":1},"title":"Macaron Cassis Violette \u2013 Saison 2, \u00e9pisode 3\u00a0: M\u00eame le Diable proteste\u202f!","author":"Yoann Le Bars","date":"1 d\u00e9cembre 2024","format":"video","excerpt":"https:\/\/vimeo.com\/1034900025?share=copy#t=0 Macaron Cassis Violette \u2013 Saison 2, \u00e9pisode 3\u00a0: M\u00eame le Diable proteste\u202f! Troisi\u00e8me \u00e9pisode de la saison 2 de Macarons\u00a0Cassis\u00a0Violette, diffus\u00e9 initialement sur la cha\u00eene Twitch de la Sorcenouille lors de la Revue\u00a0de\u00a0presse\u00a0des\u00a0chapoules du 11\u00a0novembre\u00a02024. Tandis que le gouvernement est inquiet des agissements des gauchistes, Baphomet, en tant que\u2026","rel":"","context":"Dans &quot;Culture&quot;","block_context":{"text":"Culture","link":"https:\/\/le-bars.net\/yoann\/fr\/category\/culture\/"},"img":{"alt_text":"","src":"","width":0,"height":0},"classes":[]},{"id":6367,"url":"https:\/\/le-bars.net\/yoann\/fr\/2025\/02\/12\/macaron-cassis-violette-saison-2-episode-16-escalade-mediatique\/","url_meta":{"origin":5985,"position":2},"title":"Macaron\u00a0Cassis\u00a0Violette \u2013 Saison\u00a02, \u00e9pisode\u00a016\u00a0: Escalade m\u00e9diatique","author":"Yoann Le Bars","date":"12 f\u00e9vrier 2025","format":"video","excerpt":"https:\/\/vimeo.com\/1056103960?share=copy#t=0 Macaron\u00a0Cassis\u00a0Violette --. Saison\u00a02, \u00e9pisode\u00a016\u00a0: Escalade m\u00e9diatique Seizi\u00e8me \u00e9pisode de la saison 2 de Macaron\u00a0Cassis\u00a0Violette, diffus\u00e9 initialement sur la cha\u00eene Twitch de la Sorcenouille lors de la Revue\u00a0de\u00a0presse\u00a0des\u00a0chapoules du 10\u00a0f\u00e9vrier\u00a02024. Cassis\u00a0de\u00a0Barbarie est en concurrence avec les autres m\u00e9dias. Que faire lorsqu\u2019un concurrent lance des horreurs face \u00e0 un ministre de\u2026","rel":"","context":"Dans &quot;Culture&quot;","block_context":{"text":"Culture","link":"https:\/\/le-bars.net\/yoann\/fr\/category\/culture\/"},"img":{"alt_text":"","src":"","width":0,"height":0},"classes":[]},{"id":5782,"url":"https:\/\/le-bars.net\/yoann\/fr\/2024\/12\/14\/macaron-cassis-violette-saison-2-episode-7-emeutes-halals\/","url_meta":{"origin":5985,"position":3},"title":"Macaron\u00a0Cassis\u00a0Violette \u2013 Saison 2, \u00e9pisode 7\u00a0: \u00c9meutes\u00a0halals","author":"Yoann Le Bars","date":"14 d\u00e9cembre 2024","format":"video","excerpt":"https:\/\/vimeo.com\/1039143030?share=copy#t=0 Macaron\u00a0Cassis\u00a0Violette \u2013 Saison 2, \u00e9pisode 7\u00a0: \u00c9meutes halals Septi\u00e8me \u00e9pisode de la saison 2 de Macarons\u00a0Cassis\u00a0Violette, diffus\u00e9 initialement sur la cha\u00eene Twitch de la Sorcenouille lors de la Revue\u00a0de\u00a0presse\u00a0des\u00a0chapoules du 9\u00a0d\u00e9cembre\u00a02024. Le gouvernement a \u00e9t\u00e9 censur\u00e9, mais il y a plus important\u00a0: la culture fran\u00e7aise est en danger\u202f! Sur\u2026","rel":"","context":"Dans &quot;Culture&quot;","block_context":{"text":"Culture","link":"https:\/\/le-bars.net\/yoann\/fr\/category\/culture\/"},"img":{"alt_text":"","src":"","width":0,"height":0},"classes":[]},{"id":5584,"url":"https:\/\/le-bars.net\/yoann\/fr\/2024\/12\/01\/macaron-cassis-violette-saison-2-episode-1-comment-regler-ce-probleme\/","url_meta":{"origin":5985,"position":4},"title":"Macaron\u00a0Cassis\u00a0Violette \u2013 Saison 2, \u00e9pisode 1\u00a0: Comment r\u00e9gler ce probl\u00e8me","author":"Yoann Le Bars","date":"1 d\u00e9cembre 2024","format":"video","excerpt":"https:\/\/vimeo.com\/1034894863?share=copy#t=0 Macaron Cassis Violette \u2013 Saison 2, \u00e9pisode 1\u00a0: Comment r\u00e9gler ce probl\u00e8me\u202f? Premier \u00e9pisode de la saison 2 de Macaron Cassis Violette, diffus\u00e9 initialement sur la cha\u00eene Twitch Sorcenouille lors de la Revue\u00a0de\u00a0presse\u00a0des\u00a0chapoules du 28\u00a0octobre\u00a02024. Plus de 3\u202f000 postes vacants dans l'\u00c9ducation\u00a0nationale, comment vont faire les ministres De\u00a0Tout et\u2026","rel":"","context":"Dans &quot;Non class\u00e9&quot;","block_context":{"text":"Non class\u00e9","link":"https:\/\/le-bars.net\/yoann\/fr\/category\/non-classe\/"},"img":{"alt_text":"","src":"","width":0,"height":0},"classes":[]},{"id":7107,"url":"https:\/\/le-bars.net\/yoann\/fr\/2025\/04\/30\/macaron-cassis-violette-saison-2-episode-25-donald-fhatgn\/","url_meta":{"origin":5985,"position":5},"title":"Macaron Cassis Violette \u2013 Saison 2, \u00e9pisode 25\u00a0: Donald fhatgn","author":"Yoann Le Bars","date":"30 avril 2025","format":"video","excerpt":"https:\/\/vimeo.com\/1080129922?share=copy#t=0 Macaron\u00a0Cassis\u00a0Violette \u2013 Saison 2, \u00e9pisode 25\u00a0: Donald fhatgn Vingt-cinqui\u00e8me \u00e9pisode de la saison\u00a02 de Macaron\u00a0Cassis\u00a0Violette, diffus\u00e9 initialement sur la cha\u00eene Twitch de la Sorcenouille lors de la Revue\u00a0de\u00a0presse\u00a0des\u00a0chapoules du 28\u00a0avril\u00a02025. Donald\u00a0Trump s\u2019imagine que la Terre enti\u00e8re lui, nous citons, \u00ab\u202fl\u00e8che le cul\u202f\u00bb. Cthulhu a un avis diff\u00e9rent sur la\u2026","rel":"","context":"Dans &quot;Culture&quot;","block_context":{"text":"Culture","link":"https:\/\/le-bars.net\/yoann\/fr\/category\/culture\/"},"img":{"alt_text":"","src":"","width":0,"height":0},"classes":[]}],"jetpack_sharing_enabled":true,"_links":{"self":[{"href":"https:\/\/le-bars.net\/yoann\/wp-json\/wp\/v2\/posts\/5985","targetHints":{"allow":["GET"]}}],"collection":[{"href":"https:\/\/le-bars.net\/yoann\/wp-json\/wp\/v2\/posts"}],"about":[{"href":"https:\/\/le-bars.net\/yoann\/wp-json\/wp\/v2\/types\/post"}],"author":[{"embeddable":true,"href":"https:\/\/le-bars.net\/yoann\/wp-json\/wp\/v2\/users\/1"}],"replies":[{"embeddable":true,"href":"https:\/\/le-bars.net\/yoann\/wp-json\/wp\/v2\/comments?post=5985"}],"version-history":[{"count":62,"href":"https:\/\/le-bars.net\/yoann\/wp-json\/wp\/v2\/posts\/5985\/revisions"}],"predecessor-version":[{"id":6055,"href":"https:\/\/le-bars.net\/yoann\/wp-json\/wp\/v2\/posts\/5985\/revisions\/6055"}],"wp:attachment":[{"href":"https:\/\/le-bars.net\/yoann\/wp-json\/wp\/v2\/media?parent=5985"}],"wp:term":[{"taxonomy":"category","embeddable":true,"href":"https:\/\/le-bars.net\/yoann\/wp-json\/wp\/v2\/categories?post=5985"},{"taxonomy":"post_tag","embeddable":true,"href":"https:\/\/le-bars.net\/yoann\/wp-json\/wp\/v2\/tags?post=5985"}],"curies":[{"name":"wp","href":"https:\/\/api.w.org\/{rel}","templated":true}]}}