{"id":6171,"date":"2025-01-30T22:53:20","date_gmt":"2025-01-30T20:53:20","guid":{"rendered":"https:\/\/le-bars.net\/yoann\/?p=6171"},"modified":"2025-01-30T22:53:23","modified_gmt":"2025-01-30T20:53:23","slug":"macaron-cassis-violette-saison-2-episode-14-salut-muske","status":"publish","type":"post","link":"https:\/\/le-bars.net\/yoann\/fr\/2025\/01\/30\/macaron-cassis-violette-saison-2-episode-14-salut-muske\/","title":{"rendered":"Macaron\u00a0Cassis\u00a0Violette \u2013 Saison\u00a02, \u00e9pisode\u00a014&nbsp;: Salut\u00a0musk\u00e9"},"content":{"rendered":"\n<figure class=\"wp-block-embed is-type-video is-provider-vimeo wp-block-embed-vimeo wp-embed-aspect-16-9 wp-has-aspect-ratio\"><div class=\"wp-block-embed__wrapper\">\n<iframe loading=\"lazy\" title=\"Macaron Cassis Violette \u2013 Saison\u00a02, \u00e9pisode 14\u00a0: Salut musk\u00e9\" src=\"https:\/\/player.vimeo.com\/video\/1052061737?dnt=1&amp;app_id=122963\" width=\"660\" height=\"371\" frameborder=\"0\" allow=\"autoplay; fullscreen; picture-in-picture; clipboard-write; encrypted-media\"><\/iframe>\n<\/div><figcaption class=\"wp-element-caption\">Macaron\u00a0Cassis\u00a0Violette \u2013 Saison\u00a02, \u00e9pisode\u00a014\u00a0: Salut musk\u00e9<\/figcaption><\/figure>\n\n\n\n<p>Quatorzi\u00e8me \u00e9pisode de la saison 2 de <em>Macarons&nbsp;Cassis&nbsp;Violette<\/em>, diffus\u00e9 initialement sur la <a title=\"La Sorcenouille\" href=\"https:\/\/www.twitch.tv\/sorcenouille\" target=\"_blank\" rel=\"noreferrer noopener\">cha\u00eene Twitch de la Sorcenouille<\/a> lors de la <em>Revue&nbsp;de&nbsp;presse&nbsp;des&nbsp;chapoules<\/em> du 20&nbsp;janvier&nbsp;2024.<\/p>\n\n\n\n<!--more-->\n\n\n\n<p>Au cours de l\u2019investiture de Donald&nbsp;Trump en tant que pr\u00e9sident des \u00c9tats-Unis&nbsp;d\u2019Am\u00e9rique, Richard&nbsp;A.&nbsp;<span style=\"font-variant: small-caps;\">Ben&nbsp;Musk<\/span> a r\u00e9alis\u00e9 un geste que d\u2019aucuns ont des difficult\u00e9s \u00e0 interpr\u00e9ter. <em>Macaron&nbsp;Cassis&nbsp;Violette<\/em> a enqu\u00eat\u00e9 et est en mesure de vous \u00e9clairer\u202f!<\/p>\n\n\n\n<ul class=\"wp-block-list\">\n<li>Sur une id\u00e9e originale de <a title=\"La cha\u00eene Youtube Dessine moi une question\" href=\"https:\/\/www.youtube.com\/@dessine-moi_une_question\" target=\"_blank\" rel=\"noreferrer noopener\">Chlo\u00e9&nbsp;<span style=\"font-variant: small-caps;\">Debauges<\/span><\/a><\/li>\n\n\n\n<li>Texte&nbsp;: Chlo\u00e9&nbsp;<span style=\"font-variant: small-caps;\">Debauges<\/span> et Yoann&nbsp;<span style=\"font-variant: small-caps;\">Le&nbsp;Bars<\/span><\/li>\n\n\n\n<li>Musiques et montage son&nbsp;: Yoann&nbsp;<span style=\"font-variant: small-caps;\">Le&nbsp;Bars<\/span><\/li>\n\n\n\n<li>Images et montage&nbsp;: Chlo\u00e9&nbsp;<span style=\"font-variant: small-caps;\">Debauges<\/span><\/li>\n\n\n\n<li>Maniement des marionnettes et accessoires&nbsp;: Chlo\u00e9&nbsp;<span style=\"font-variant: small-caps;\">Debauges<\/span><\/li>\n\n\n\n<li>Voix&nbsp;:\n<ul class=\"wp-block-list\">\n<li>Violette (la chouette)&nbsp;: Chlo\u00e9&nbsp;<span style=\"font-variant: small-caps;\">Debauges<\/span><\/li>\n\n\n\n<li>Donald&nbsp;<span style=\"font-variant: small-caps;\">Trump<\/span>&nbsp;: Jonathan&nbsp;<span style=\"font-variant: small-caps;\">Riols<\/span><\/li>\n\n\n\n<li>Cassis&nbsp;de&nbsp;Barbarie&nbsp;(le canard)&nbsp;: Yoann&nbsp;<span style=\"font-variant: small-caps;\">Le&nbsp;Bars<\/span><\/li>\n\n\n\n<li>Monsieur Zigarou (le grand m\u00e9chant loup)&nbsp;: Yoann&nbsp;<span style=\"font-variant: small-caps;\">Le&nbsp;Bars<\/span><\/li>\n\n\n\n<li>Richard&nbsp;A.&nbsp;<span style=\"font-variant: small-caps;\">Ben&nbsp;Musk<\/span> (le chien)&nbsp;: Yoann&nbsp;<span style=\"font-variant: small-caps;\">Le&nbsp;Bars<\/span><\/li>\n\n\n\n<li>Le&nbsp;technicien (la chouette cornue)&nbsp;: <a title=\"Le Paradoxe de la perfection\" href=\"https:\/\/www.youtube.com\/@Le_Paradoxe_de_la_Perfection\" target=\"_blank\" rel=\"noreferrer noopener\">Nathan&nbsp;DL<\/a><\/li>\n\n\n\n<li>Le&nbsp;Ministre&nbsp;de&nbsp;Tout (le gendarme)&nbsp;: Inspecteur&nbsp;Wouf&nbsp;Wouf<\/li>\n<\/ul>\n<\/li>\n<\/ul>\n\n\n\n<p>Sources de l\u2019\u00e9pisode&nbsp;:<\/p>\n\n\n\n<ul class=\"wp-block-list\">\n<li>La&nbsp;Libre&nbsp;Belgique (20\/01\/2025). \u00ab\u202fLe discours int\u00e9gral de Donald&nbsp;<span style=\"font-variant: small-caps;\">Trump<\/span> \u00e0 son investiture comme 47e pr\u00e9sident des \u00c9tats-Unis\u202f\u00bb. <a title=\"Le discours int\u00e9gral de Donald Trump \u00e0 son investiture comme 47e pr\u00e9sident des Etats-Unis \" href=\"https:\/\/www.lalibre.be\/videos\/2025\/01\/20\/le-discours-integral-de-donald-trump-a-son-investiture-comme-47e-president-des-etats-unis-xkx5xxf\/\" target=\"_blank\" rel=\"noreferrer noopener\">Disponible en ligne<\/a>.<\/li>\n\n\n\n<li><span style=\"font-variant: small-caps;\">Sidder<\/span>, Aaron. \u00ab\u202fCes poissons changent de sexe jusqu\u2019\u00e0 20 fois par jour\u202f\u00bb, <em>National&nbsp;Geographic<\/em>. <a title=\"Ces poissons changent de sexe jusqu\u2019\u00e0 20 fois par jour\" href=\"https:\/\/www.nationalgeographic.fr\/animaux\/ces-poissons-changent-de-sexe-jusqu-a-20-fois-par-jour\" target=\"_blank\" rel=\"noreferrer noopener\">Disponible en ligne<\/a>.<\/li>\n\n\n\n<li>Question&nbsp;sexualit\u00e9. \u00ab\u202fQu\u2019est-ce que la transidentit\u00e9\u202f?\u202f\u00bb. <a title=\"Qu\u2019est-ce que la transidentit\u00e9\u202f?\" href=\"https:\/\/questionsexualite.fr\/connaitre-son-corps-et-sa-sexualite\/la-diversite-de-genre\/qu-est-ce-que-la-transidentite\" target=\"_blank\" rel=\"noreferrer noopener\">Disponible en ligne<\/a>.<\/li>\n\n\n\n<li>Le&nbsp;Parisien (21\/01\/2025). \u00ab\u202fEn quoi consiste l\u2019offensive de Donald&nbsp;<span style=\"font-variant: small-caps;\">Trump<\/span> contre le \u00ab\u202fwokisme\u202f\u00bb\u202f?\u202f\u00bb, <em>Youtube<\/em>. <a title=\"En quoi consiste l\u2019offensive de Donald Trump contre le \u00ab\u202fwokisme\u202f\u00bb\u202f?\" href=\"https:\/\/www.youtube.com\/watch?v=fvUs3hL8GTY\" target=\"_blank\" rel=\"noreferrer noopener\">Disponible en ligne<\/a>.<\/li>\n\n\n\n<li><span style=\"font-variant: small-caps;\">Delaporte<\/span>, Lucie et Marine&nbsp;<span style=\"font-variant: small-caps;\">Turchi<\/span> (21\/01\/2025). \u00ab\u202fElon&nbsp;<span style=\"font-variant: small-caps;\">Musk<\/span>, un habitu\u00e9 des codes antis\u00e9mites et supr\u00e9macistes\u202f\u00bb, <em>Mediapart<\/em>. <a title=\"Elon Musk, un habitu\u00e9 des codes antis\u00e9mites et supr\u00e9macistes\" href=\"https:\/\/www.mediapart.fr\/journal\/international\/210125\/elon-musk-un-habitue-des-codes-antisemites-et-supremacistes\" target=\"_blank\" rel=\"noreferrer noopener\">Disponible en ligne<\/a>.<\/li>\n\n\n\n<li><span style=\"font-variant: small-caps;\">Viktorovitch<\/span>, Cl\u00e9ment (24\/01\/2025). \u00ab\u202fElon&nbsp;<span style=\"font-variant: small-caps;\">Musk<\/span>&nbsp;: derri\u00e8re le geste, des ann\u00e9es \u00e0 cajoler les fascistes\u202f\u00bb, Youtube. <a title=\"Elon Musk : derri\u00e8re le geste, des ann\u00e9es \u00e0 cajoler les fascistes\" href=\"https:\/\/www.youtube.com\/watch?v=Kzjb-HRNs7w\" target=\"_blank\" rel=\"noreferrer noopener\">Disponible en ligne<\/a>.<\/li>\n\n\n\n<li><span style=\"font-variant: small-caps;\">Chapoutot<\/span>, Johann (22\/01\/2025). \u00ab\u202fC\u2019est, de fait, un salut nazi. Il n\u2019y a aucun doute l\u00e0-dessus.\u202f\u00bb, M6&nbsp;Info. <a title=\"Un historien sp\u00e9cialiste du nazisme analyse le salut d'Elon Musk\" href=\"https:\/\/www.youtube.com\/watch?v=eXIStw2-27M\" target=\"_blank\" rel=\"noreferrer noopener\">Disponible en ligne<\/a>.<\/li>\n\n\n\n<li><span style=\"font-variant: small-caps;\">Bouvier<\/span>, Yann (21\/01\/2025). \u00ab\u202fElon&nbsp;<span style=\"font-variant: small-caps;\">Musk<\/span>&nbsp;: un salut romain\u202f?\u202f\u00bb, <em>Youtube<\/em>. <a title=\"Elon Musk : un salut romain\u202f?\" href=\"https:\/\/www.youtube.com\/watch?v=6_l-2LR8YPk\" target=\"_blank\" rel=\"noreferrer noopener\">Disponible en ligne<\/a>.<\/li>\n\n\n\n<li><span style=\"font-variant: small-caps;\">Taburet<\/span>, Marceau (21\/01\/2025). \u00ab\u202fUn salut nazi fait par Elon&nbsp;<span style=\"font-variant: small-caps;\">Musk<\/span>\u202f? Le RN y voit autre chose\u202f\u00bb, <em>Huffington&nbsp;Post<\/em>. <a title=\"Un salut nazi fait par Elon Musk\u202f? Le RN y voit autre chose\" href=\"https:\/\/www.huffingtonpost.fr\/politique\/article\/un-salut-nazi-fait-par-elon-musk-le-rn-y-voit-tout-autre-chose_245117.html\" target=\"_blank\" rel=\"noreferrer noopener\">Disponible en ligne<\/a>.<\/li>\n\n\n\n<li>Le&nbsp;Nouvel&nbsp;Obs (21\/01\/2025). \u00ab\u202fElon&nbsp;<span style=\"font-variant: small-caps;\">Musk<\/span> a-t-il fait un salut nazi\u202f? Ces militants d\u2019extr\u00eame droite ont bien re\u00e7u le message\u202f\u00bb, <em>Youtube<\/em>. <a title=\"Elon Musk a-t-il fait un salut nazi\u202f? Ces militants d\u2019extr\u00eame droite ont bien re\u00e7u le message\" href=\"https:\/\/www.youtube.com\/watch?v=8E_LWWAXTy0\" target=\"_blank\" rel=\"noreferrer noopener\">Disponible en ligne<\/a>.<\/li>\n\n\n\n<li>Les images d\u2019archives sont issues du discours d\u2019<a title=\"Adolf&nbsp;Hitler\" href=\"https:\/\/fr.wikipedia.org\/wiki\/Adolf_Hitler\" target=\"_blank\" rel=\"noreferrer noopener\">Adolf&nbsp;<span style=\"font-variant: small-caps;\">Hitler<\/span><\/a> \u00e0 l\u2019op\u00e9ra Kroll en 1940, archives de l\u2019INA <a title=\"Discours d\u2019Hitler \u00e0 l\u2019Opera kroll\" href=\"https:\/\/www.ina.fr\/ina-eclaire-actu\/video\/afe85000013\/discours-d-hitler-a-l-opera-kroll\" target=\"_blank\" rel=\"noreferrer noopener\">disponibles en ligne<\/a>.<\/li>\n\n\n\n<li>Les images d\u2019archives de Jean-Luc&nbsp;<span style=\"font-variant: small-caps;\">M\u00e9lenchon<\/span> proviennent \u00e9galement de l\u2019INA et sont <a title=\"1987 : Jean-Luc M\u00e9lenchon sur la candidature de Fran\u00e7ois Mitterrand | Archive INA\" href=\"https:\/\/www.youtube.com\/watch?v=9z3V4VNh_X8\" target=\"_blank\" rel=\"noreferrer noopener\">disponibles en ligne<\/a>.<\/li>\n<\/ul>\n","protected":false},"excerpt":{"rendered":"<p>Quatorzi\u00e8me \u00e9pisode de la saison 2 de Macarons&nbsp;Cassis&nbsp;Violette, diffus\u00e9 initialement sur la cha\u00eene Twitch de la Sorcenouille lors de la Revue&nbsp;de&nbsp;presse&nbsp;des&nbsp;chapoules du 20&nbsp;janvier&nbsp;2024.<\/p>\n","protected":false},"author":1,"featured_media":0,"comment_status":"open","ping_status":"open","sticky":false,"template":"","format":"video","meta":{"jetpack_post_was_ever_published":false,"_jetpack_newsletter_access":"","_jetpack_dont_email_post_to_subs":false,"_jetpack_newsletter_tier_id":0,"_jetpack_memberships_contains_paywalled_content":false,"_jetpack_memberships_contains_paid_content":false,"footnotes":""},"categories":[24,79,15,147],"tags":[112,196,83],"class_list":["post-6171","post","type-post","status-publish","format-video","hentry","category-culture","category-point-de-vue","category-politique","category-societe","tag-culture-fr","tag-humour-fr","tag-societe","post_format-post-format-video"],"yoast_head":"<!-- This site is optimized with the Yoast SEO plugin v27.1.1 - https:\/\/yoast.com\/product\/yoast-seo-wordpress\/ -->\n<title>Macaron\u00a0Cassis\u00a0Violette \u2013 Saison\u00a02, \u00e9pisode\u00a014&nbsp;: Salut\u00a0musk\u00e9 &#8211; Vu d\u2019ici<\/title>\n<meta name=\"description\" content=\"Quatorzi\u00e8me \u00e9pisode de la deuxi\u00e8me saison de la s\u00e9rie de commentaires satiriques de l\u2019actualit\u00e9 intitul\u00e9e Macaron Cassis Violette.\" \/>\n<meta name=\"robots\" content=\"index, follow, max-snippet:-1, max-image-preview:large, max-video-preview:-1\" \/>\n<link rel=\"canonical\" href=\"https:\/\/le-bars.net\/yoann\/fr\/2025\/01\/30\/macaron-cassis-violette-saison-2-episode-14-salut-muske\/\" \/>\n<meta property=\"og:locale\" content=\"fr_FR\" \/>\n<meta property=\"og:type\" content=\"article\" \/>\n<meta property=\"og:title\" content=\"Macaron\u00a0Cassis\u00a0Violette \u2013 Saison\u00a02, \u00e9pisode\u00a014&nbsp;: Salut\u00a0musk\u00e9 &#8211; Vu d\u2019ici\" \/>\n<meta property=\"og:description\" content=\"Quatorzi\u00e8me \u00e9pisode de la deuxi\u00e8me saison de la s\u00e9rie de commentaires satiriques de l\u2019actualit\u00e9 intitul\u00e9e Macaron Cassis Violette.\" \/>\n<meta property=\"og:url\" content=\"https:\/\/le-bars.net\/yoann\/fr\/2025\/01\/30\/macaron-cassis-violette-saison-2-episode-14-salut-muske\/\" \/>\n<meta property=\"og:site_name\" content=\"Vu d\u2019ici\" \/>\n<meta property=\"article:published_time\" content=\"2025-01-30T20:53:20+00:00\" \/>\n<meta property=\"article:modified_time\" content=\"2025-01-30T20:53:23+00:00\" \/>\n<meta name=\"author\" content=\"Yoann Le Bars\" \/>\n<meta name=\"twitter:card\" content=\"summary_large_image\" \/>\n<meta name=\"twitter:label1\" content=\"\u00c9crit par\" \/>\n\t<meta name=\"twitter:data1\" content=\"Yoann Le Bars\" \/>\n\t<meta name=\"twitter:label2\" content=\"Dur\u00e9e de lecture estim\u00e9e\" \/>\n\t<meta name=\"twitter:data2\" content=\"2 minutes\" \/>\n<script type=\"application\/ld+json\" class=\"yoast-schema-graph\">{\"@context\":\"https:\/\/schema.org\",\"@graph\":[{\"@type\":\"Article\",\"@id\":\"https:\/\/le-bars.net\/yoann\/fr\/2025\/01\/30\/macaron-cassis-violette-saison-2-episode-14-salut-muske\/#article\",\"isPartOf\":{\"@id\":\"https:\/\/le-bars.net\/yoann\/fr\/2025\/01\/30\/macaron-cassis-violette-saison-2-episode-14-salut-muske\/\"},\"author\":{\"name\":\"Yoann Le Bars\",\"@id\":\"https:\/\/le-bars.net\/yoann\/#\/schema\/person\/90c5a2de7ad2db1184bbe140ebea1576\"},\"headline\":\"Macaron\u00a0Cassis\u00a0Violette \u2013 Saison\u00a02, \u00e9pisode\u00a014&nbsp;: Salut\u00a0musk\u00e9\",\"datePublished\":\"2025-01-30T20:53:20+00:00\",\"dateModified\":\"2025-01-30T20:53:23+00:00\",\"mainEntityOfPage\":{\"@id\":\"https:\/\/le-bars.net\/yoann\/fr\/2025\/01\/30\/macaron-cassis-violette-saison-2-episode-14-salut-muske\/\"},\"wordCount\":493,\"commentCount\":1,\"publisher\":{\"@id\":\"https:\/\/le-bars.net\/yoann\/#\/schema\/person\/90c5a2de7ad2db1184bbe140ebea1576\"},\"keywords\":[\"Culture\",\"Humour\",\"Soci\u00e9t\u00e9\"],\"articleSection\":[\"Culture\",\"Point de vue\",\"Politique\",\"Soci\u00e9t\u00e9\"],\"inLanguage\":\"fr-FR\",\"potentialAction\":[{\"@type\":\"CommentAction\",\"name\":\"Comment\",\"target\":[\"https:\/\/le-bars.net\/yoann\/fr\/2025\/01\/30\/macaron-cassis-violette-saison-2-episode-14-salut-muske\/#respond\"]}]},{\"@type\":\"WebPage\",\"@id\":\"https:\/\/le-bars.net\/yoann\/fr\/2025\/01\/30\/macaron-cassis-violette-saison-2-episode-14-salut-muske\/\",\"url\":\"https:\/\/le-bars.net\/yoann\/fr\/2025\/01\/30\/macaron-cassis-violette-saison-2-episode-14-salut-muske\/\",\"name\":\"Macaron\u00a0Cassis\u00a0Violette \u2013 Saison\u00a02, \u00e9pisode\u00a014&nbsp;: Salut\u00a0musk\u00e9 &#8211; Vu d\u2019ici\",\"isPartOf\":{\"@id\":\"https:\/\/le-bars.net\/yoann\/#website\"},\"datePublished\":\"2025-01-30T20:53:20+00:00\",\"dateModified\":\"2025-01-30T20:53:23+00:00\",\"description\":\"Quatorzi\u00e8me \u00e9pisode de la deuxi\u00e8me saison de la s\u00e9rie de commentaires satiriques de l\u2019actualit\u00e9 intitul\u00e9e Macaron Cassis Violette.\",\"breadcrumb\":{\"@id\":\"https:\/\/le-bars.net\/yoann\/fr\/2025\/01\/30\/macaron-cassis-violette-saison-2-episode-14-salut-muske\/#breadcrumb\"},\"inLanguage\":\"fr-FR\",\"potentialAction\":[{\"@type\":\"ReadAction\",\"target\":[\"https:\/\/le-bars.net\/yoann\/fr\/2025\/01\/30\/macaron-cassis-violette-saison-2-episode-14-salut-muske\/\"]}]},{\"@type\":\"BreadcrumbList\",\"@id\":\"https:\/\/le-bars.net\/yoann\/fr\/2025\/01\/30\/macaron-cassis-violette-saison-2-episode-14-salut-muske\/#breadcrumb\",\"itemListElement\":[{\"@type\":\"ListItem\",\"position\":1,\"name\":\"Accueil\",\"item\":\"https:\/\/le-bars.net\/yoann\/fr\/\"},{\"@type\":\"ListItem\",\"position\":2,\"name\":\"Macaron\u00a0Cassis\u00a0Violette \u2013 Saison\u00a02, \u00e9pisode\u00a014&nbsp;: Salut\u00a0musk\u00e9\"}]},{\"@type\":\"WebSite\",\"@id\":\"https:\/\/le-bars.net\/yoann\/#website\",\"url\":\"https:\/\/le-bars.net\/yoann\/\",\"name\":\"Vu d\u2019ici\",\"description\":\"Pages personnelles de Yoann LE\u00a0BARS\",\"publisher\":{\"@id\":\"https:\/\/le-bars.net\/yoann\/#\/schema\/person\/90c5a2de7ad2db1184bbe140ebea1576\"},\"potentialAction\":[{\"@type\":\"SearchAction\",\"target\":{\"@type\":\"EntryPoint\",\"urlTemplate\":\"https:\/\/le-bars.net\/yoann\/?s={search_term_string}\"},\"query-input\":{\"@type\":\"PropertyValueSpecification\",\"valueRequired\":true,\"valueName\":\"search_term_string\"}}],\"inLanguage\":\"fr-FR\"},{\"@type\":[\"Person\",\"Organization\"],\"@id\":\"https:\/\/le-bars.net\/yoann\/#\/schema\/person\/90c5a2de7ad2db1184bbe140ebea1576\",\"name\":\"Yoann Le Bars\",\"image\":{\"@type\":\"ImageObject\",\"inLanguage\":\"fr-FR\",\"@id\":\"https:\/\/le-bars.net\/yoann\/#\/schema\/person\/image\/\",\"url\":\"https:\/\/i0.wp.com\/le-bars.net\/yoann\/wordpress\/wp-content\/uploads\/2020\/11\/fec731577f2c05141910be0dc3ef5bb2.jpeg?fit=80%2C80&ssl=1\",\"contentUrl\":\"https:\/\/i0.wp.com\/le-bars.net\/yoann\/wordpress\/wp-content\/uploads\/2020\/11\/fec731577f2c05141910be0dc3ef5bb2.jpeg?fit=80%2C80&ssl=1\",\"width\":80,\"height\":80,\"caption\":\"Yoann Le Bars\"},\"logo\":{\"@id\":\"https:\/\/le-bars.net\/yoann\/#\/schema\/person\/image\/\"},\"description\":\"Un enseignant-chercheur avec un peu trop de centres d\u2019int\u00e9r\u00eats pour pouvoir r\u00e9sumer\u2026\",\"sameAs\":[\"http:\/\/le-bars.net\/yoann\"]}]}<\/script>\n<!-- \/ Yoast SEO plugin. -->","yoast_head_json":{"title":"Macaron\u00a0Cassis\u00a0Violette \u2013 Saison\u00a02, \u00e9pisode\u00a014&nbsp;: Salut\u00a0musk\u00e9 &#8211; Vu d\u2019ici","description":"Quatorzi\u00e8me \u00e9pisode de la deuxi\u00e8me saison de la s\u00e9rie de commentaires satiriques de l\u2019actualit\u00e9 intitul\u00e9e Macaron Cassis Violette.","robots":{"index":"index","follow":"follow","max-snippet":"max-snippet:-1","max-image-preview":"max-image-preview:large","max-video-preview":"max-video-preview:-1"},"canonical":"https:\/\/le-bars.net\/yoann\/fr\/2025\/01\/30\/macaron-cassis-violette-saison-2-episode-14-salut-muske\/","og_locale":"fr_FR","og_type":"article","og_title":"Macaron\u00a0Cassis\u00a0Violette \u2013 Saison\u00a02, \u00e9pisode\u00a014&nbsp;: Salut\u00a0musk\u00e9 &#8211; Vu d\u2019ici","og_description":"Quatorzi\u00e8me \u00e9pisode de la deuxi\u00e8me saison de la s\u00e9rie de commentaires satiriques de l\u2019actualit\u00e9 intitul\u00e9e Macaron Cassis Violette.","og_url":"https:\/\/le-bars.net\/yoann\/fr\/2025\/01\/30\/macaron-cassis-violette-saison-2-episode-14-salut-muske\/","og_site_name":"Vu d\u2019ici","article_published_time":"2025-01-30T20:53:20+00:00","article_modified_time":"2025-01-30T20:53:23+00:00","author":"Yoann Le Bars","twitter_card":"summary_large_image","twitter_misc":{"\u00c9crit par":"Yoann Le Bars","Dur\u00e9e de lecture estim\u00e9e":"2 minutes"},"schema":{"@context":"https:\/\/schema.org","@graph":[{"@type":"Article","@id":"https:\/\/le-bars.net\/yoann\/fr\/2025\/01\/30\/macaron-cassis-violette-saison-2-episode-14-salut-muske\/#article","isPartOf":{"@id":"https:\/\/le-bars.net\/yoann\/fr\/2025\/01\/30\/macaron-cassis-violette-saison-2-episode-14-salut-muske\/"},"author":{"name":"Yoann Le Bars","@id":"https:\/\/le-bars.net\/yoann\/#\/schema\/person\/90c5a2de7ad2db1184bbe140ebea1576"},"headline":"Macaron\u00a0Cassis\u00a0Violette \u2013 Saison\u00a02, \u00e9pisode\u00a014&nbsp;: Salut\u00a0musk\u00e9","datePublished":"2025-01-30T20:53:20+00:00","dateModified":"2025-01-30T20:53:23+00:00","mainEntityOfPage":{"@id":"https:\/\/le-bars.net\/yoann\/fr\/2025\/01\/30\/macaron-cassis-violette-saison-2-episode-14-salut-muske\/"},"wordCount":493,"commentCount":1,"publisher":{"@id":"https:\/\/le-bars.net\/yoann\/#\/schema\/person\/90c5a2de7ad2db1184bbe140ebea1576"},"keywords":["Culture","Humour","Soci\u00e9t\u00e9"],"articleSection":["Culture","Point de vue","Politique","Soci\u00e9t\u00e9"],"inLanguage":"fr-FR","potentialAction":[{"@type":"CommentAction","name":"Comment","target":["https:\/\/le-bars.net\/yoann\/fr\/2025\/01\/30\/macaron-cassis-violette-saison-2-episode-14-salut-muske\/#respond"]}]},{"@type":"WebPage","@id":"https:\/\/le-bars.net\/yoann\/fr\/2025\/01\/30\/macaron-cassis-violette-saison-2-episode-14-salut-muske\/","url":"https:\/\/le-bars.net\/yoann\/fr\/2025\/01\/30\/macaron-cassis-violette-saison-2-episode-14-salut-muske\/","name":"Macaron\u00a0Cassis\u00a0Violette \u2013 Saison\u00a02, \u00e9pisode\u00a014&nbsp;: Salut\u00a0musk\u00e9 &#8211; Vu d\u2019ici","isPartOf":{"@id":"https:\/\/le-bars.net\/yoann\/#website"},"datePublished":"2025-01-30T20:53:20+00:00","dateModified":"2025-01-30T20:53:23+00:00","description":"Quatorzi\u00e8me \u00e9pisode de la deuxi\u00e8me saison de la s\u00e9rie de commentaires satiriques de l\u2019actualit\u00e9 intitul\u00e9e Macaron Cassis Violette.","breadcrumb":{"@id":"https:\/\/le-bars.net\/yoann\/fr\/2025\/01\/30\/macaron-cassis-violette-saison-2-episode-14-salut-muske\/#breadcrumb"},"inLanguage":"fr-FR","potentialAction":[{"@type":"ReadAction","target":["https:\/\/le-bars.net\/yoann\/fr\/2025\/01\/30\/macaron-cassis-violette-saison-2-episode-14-salut-muske\/"]}]},{"@type":"BreadcrumbList","@id":"https:\/\/le-bars.net\/yoann\/fr\/2025\/01\/30\/macaron-cassis-violette-saison-2-episode-14-salut-muske\/#breadcrumb","itemListElement":[{"@type":"ListItem","position":1,"name":"Accueil","item":"https:\/\/le-bars.net\/yoann\/fr\/"},{"@type":"ListItem","position":2,"name":"Macaron\u00a0Cassis\u00a0Violette \u2013 Saison\u00a02, \u00e9pisode\u00a014&nbsp;: Salut\u00a0musk\u00e9"}]},{"@type":"WebSite","@id":"https:\/\/le-bars.net\/yoann\/#website","url":"https:\/\/le-bars.net\/yoann\/","name":"Vu d\u2019ici","description":"Pages personnelles de Yoann LE\u00a0BARS","publisher":{"@id":"https:\/\/le-bars.net\/yoann\/#\/schema\/person\/90c5a2de7ad2db1184bbe140ebea1576"},"potentialAction":[{"@type":"SearchAction","target":{"@type":"EntryPoint","urlTemplate":"https:\/\/le-bars.net\/yoann\/?s={search_term_string}"},"query-input":{"@type":"PropertyValueSpecification","valueRequired":true,"valueName":"search_term_string"}}],"inLanguage":"fr-FR"},{"@type":["Person","Organization"],"@id":"https:\/\/le-bars.net\/yoann\/#\/schema\/person\/90c5a2de7ad2db1184bbe140ebea1576","name":"Yoann Le Bars","image":{"@type":"ImageObject","inLanguage":"fr-FR","@id":"https:\/\/le-bars.net\/yoann\/#\/schema\/person\/image\/","url":"https:\/\/i0.wp.com\/le-bars.net\/yoann\/wordpress\/wp-content\/uploads\/2020\/11\/fec731577f2c05141910be0dc3ef5bb2.jpeg?fit=80%2C80&ssl=1","contentUrl":"https:\/\/i0.wp.com\/le-bars.net\/yoann\/wordpress\/wp-content\/uploads\/2020\/11\/fec731577f2c05141910be0dc3ef5bb2.jpeg?fit=80%2C80&ssl=1","width":80,"height":80,"caption":"Yoann Le Bars"},"logo":{"@id":"https:\/\/le-bars.net\/yoann\/#\/schema\/person\/image\/"},"description":"Un enseignant-chercheur avec un peu trop de centres d\u2019int\u00e9r\u00eats pour pouvoir r\u00e9sumer\u2026","sameAs":["http:\/\/le-bars.net\/yoann"]}]}},"jetpack_featured_media_url":"","jetpack_shortlink":"https:\/\/wp.me\/p61hos-1Bx","jetpack-related-posts":[{"id":6720,"url":"https:\/\/le-bars.net\/yoann\/fr\/2025\/03\/27\/macaron-cassis-violette-saison-2-episode-21-scandale-de-medoeux\/","url_meta":{"origin":6171,"position":0},"title":"Macaron Cassis Violette \u2013 Saison 2, \u00e9pisode 21\u00a0: Scandale de M\u00ebd\u0153ux","author":"Yoann Le Bars","date":"27 mars 2025","format":"video","excerpt":"https:\/\/vimeo.com\/1069847103 Macaron Cassis Violette \u2013 Saison 2, \u00e9pisode 21\u00a0: Scandale de M\u00ebd\u0153ux Vingt-et-uni\u00e8me \u00e9pisode de la saison\u00a02 de Macaron\u00a0Cassis\u00a0Violette, diffus\u00e9 initialement sur la cha\u00eene Twitch de la Sorcenouille lors de la Revue\u00a0de\u00a0presse\u00a0des\u00a0chapoules du 24\u00a0mars\u00a02025. Les gauchistes ont produit une affiche pour appeler \u00e0 manifester le 22 mars. Cette affiche fait\u2026","rel":"","context":"Dans &quot;Culture&quot;","block_context":{"text":"Culture","link":"https:\/\/le-bars.net\/yoann\/fr\/category\/culture\/"},"img":{"alt_text":"","src":"","width":0,"height":0},"classes":[]},{"id":6054,"url":"https:\/\/le-bars.net\/yoann\/fr\/2025\/01\/20\/macaron-cassis-violette-saison-2-episode-12-le-menhir-est-mort-ce-soir\/","url_meta":{"origin":6171,"position":1},"title":"Macaron\u00a0Cassis\u00a0Violette \u2013 Saison\u00a02, \u00e9pisode\u00a012\u00a0: Le\u00a0Menhir est mort ce soir","author":"Yoann Le Bars","date":"20 janvier 2025","format":"video","excerpt":"https:\/\/vimeo.com\/1048461543?share=copy#t=0 Macaron\u00a0Cassis\u00a0Violette \u2013 Saison 2, \u00e9pisode 12\u00a0: Le\u00a0Menhir\u00a0est\u00a0mort\u00a0ce\u00a0soir Douzi\u00e8me \u00e9pisode de la saison 2 de Macarons\u00a0Cassis\u00a0Violette, diffus\u00e9 initialement sur la cha\u00eene Twitch de la Sorcenouille lors de la Revue\u00a0de\u00a0presse\u00a0des\u00a0chapoules du 13\u00a0janvier\u00a02024. Des gauchistes se sont rassembl\u00e9s pour f\u00eater le d\u00e9c\u00e8s de Jean-Marie\u00a0Le\u00a0Pen. Monsieur Zigarou d\u00e9sapprouve\u202f! Sur une id\u00e9e originale de\u2026","rel":"","context":"Dans &quot;Culture&quot;","block_context":{"text":"Culture","link":"https:\/\/le-bars.net\/yoann\/fr\/category\/culture\/"},"img":{"alt_text":"","src":"","width":0,"height":0},"classes":[]},{"id":5579,"url":"https:\/\/le-bars.net\/yoann\/fr\/2024\/11\/25\/macaron-cassis-violette-tous-les-episodes\/","url_meta":{"origin":6171,"position":2},"title":"Macaron\u00a0Cassis Violette \u2013 tous les \u00e9pisodes","author":"Yoann Le Bars","date":"25 novembre 2024","format":false,"excerpt":"La s\u00e9rie Macaron\u00a0Cassis\u00a0Violette est une s\u00e9rie satirique, qui commente l\u2019actualit\u00e9 avec des marionnettes. Chaque \u00e9pisode est accompagn\u00e9 d\u2019un ensemble de sources documentant les faits comment\u00e9s. Parce que l\u2019humour, c'est s\u00e9rieux, il ne faut pas le laisser \u00e0 des rigolos\u202f! Un nouvel \u00e9pisode est diffus\u00e9 tous les lundis soir sur la\u2026","rel":"","context":"Dans &quot;Culture&quot;","block_context":{"text":"Culture","link":"https:\/\/le-bars.net\/yoann\/fr\/category\/culture\/"},"img":{"alt_text":"","src":"","width":0,"height":0},"classes":[]},{"id":6322,"url":"https:\/\/le-bars.net\/yoann\/fr\/2025\/02\/05\/macaron-cassis-violette-saison-2-episode-15-jentends-siffler-le-loup\/","url_meta":{"origin":6171,"position":3},"title":"Macaron\u00a0Cassis\u00a0Violette \u2013 Saison 2, \u00e9pisode 15\u00a0: J\u2019entends siffler le loup","author":"Yoann Le Bars","date":"5 f\u00e9vrier 2025","format":"video","excerpt":"https:\/\/vimeo.com\/1053595686?share=copy#t=0 Macaron\u00a0Cassis\u00a0Violette \u2013 Saison\u00a02, \u00e9pisode\u00a015\u00a0: J\u2019entends\u00a0siffler\u00a0le\u00a0loup Quinzi\u00e8me \u00e9pisode de la saison 2 de Macarons\u00a0Cassis\u00a0Violette, diffus\u00e9 initialement sur la cha\u00eene Twitch de la Sorcenouille lors de la Revue\u00a0de\u00a0presse\u00a0des\u00a0chapoules du 3\u00a0f\u00e9vrier\u00a02024. D\u00e8s sa premi\u00e8re semaine de mandat, Donald\u00a0Trump a pass\u00e9 un grand nombre de d\u00e9crets. Les cons\u00e9quences s\u2019en font rapidement sentir. Certains\u2026","rel":"","context":"Dans &quot;Culture&quot;","block_context":{"text":"Culture","link":"https:\/\/le-bars.net\/yoann\/fr\/category\/culture\/"},"img":{"alt_text":"","src":"","width":0,"height":0},"classes":[]},{"id":5985,"url":"https:\/\/le-bars.net\/yoann\/fr\/2025\/01\/09\/macaron-cassis-violette-saison-2-episode-11-tous-nos-voeux-dingratitude\/","url_meta":{"origin":6171,"position":4},"title":"Macaron\u00a0Cassis\u00a0Violette \u2013 Saison 2, \u00e9pisode 11\u00a0: Tous nos v\u0153ux d\u2019ingratitude","author":"Yoann Le Bars","date":"9 janvier 2025","format":"video","excerpt":"https:\/\/vimeo.com\/1045342236?share=copy#t=0 Macaron Cassis Violette \u2013 Saison 2, \u00e9pisode 11\u00a0: Tous nos v\u0153ux d\u2019ingratitude Onzi\u00e8me \u00e9pisode de la saison 2 de Macarons\u00a0Cassis\u00a0Violette, diffus\u00e9 initialement sur la cha\u00eene Twitch de la Sorcenouille lors de la Revue\u00a0de\u00a0presse\u00a0des\u00a0chapoules du 6\u00a0janvier\u00a02024. Le Ministre\u00a0de\u00a0tout et le Ministre\u00a0du\u00a0reste se demandent \u00e0 quoi peuvent servir les nouveaux ministres\u2026","rel":"","context":"Dans &quot;Culture&quot;","block_context":{"text":"Culture","link":"https:\/\/le-bars.net\/yoann\/fr\/category\/culture\/"},"img":{"alt_text":"","src":"","width":0,"height":0},"classes":[]},{"id":5782,"url":"https:\/\/le-bars.net\/yoann\/fr\/2024\/12\/14\/macaron-cassis-violette-saison-2-episode-7-emeutes-halals\/","url_meta":{"origin":6171,"position":5},"title":"Macaron\u00a0Cassis\u00a0Violette \u2013 Saison 2, \u00e9pisode 7\u00a0: \u00c9meutes\u00a0halals","author":"Yoann Le Bars","date":"14 d\u00e9cembre 2024","format":"video","excerpt":"https:\/\/vimeo.com\/1039143030?share=copy#t=0 Macaron\u00a0Cassis\u00a0Violette \u2013 Saison 2, \u00e9pisode 7\u00a0: \u00c9meutes halals Septi\u00e8me \u00e9pisode de la saison 2 de Macarons\u00a0Cassis\u00a0Violette, diffus\u00e9 initialement sur la cha\u00eene Twitch de la Sorcenouille lors de la Revue\u00a0de\u00a0presse\u00a0des\u00a0chapoules du 9\u00a0d\u00e9cembre\u00a02024. Le gouvernement a \u00e9t\u00e9 censur\u00e9, mais il y a plus important\u00a0: la culture fran\u00e7aise est en danger\u202f! Sur\u2026","rel":"","context":"Dans &quot;Culture&quot;","block_context":{"text":"Culture","link":"https:\/\/le-bars.net\/yoann\/fr\/category\/culture\/"},"img":{"alt_text":"","src":"","width":0,"height":0},"classes":[]}],"jetpack_sharing_enabled":true,"_links":{"self":[{"href":"https:\/\/le-bars.net\/yoann\/wp-json\/wp\/v2\/posts\/6171","targetHints":{"allow":["GET"]}}],"collection":[{"href":"https:\/\/le-bars.net\/yoann\/wp-json\/wp\/v2\/posts"}],"about":[{"href":"https:\/\/le-bars.net\/yoann\/wp-json\/wp\/v2\/types\/post"}],"author":[{"embeddable":true,"href":"https:\/\/le-bars.net\/yoann\/wp-json\/wp\/v2\/users\/1"}],"replies":[{"embeddable":true,"href":"https:\/\/le-bars.net\/yoann\/wp-json\/wp\/v2\/comments?post=6171"}],"version-history":[{"count":54,"href":"https:\/\/le-bars.net\/yoann\/wp-json\/wp\/v2\/posts\/6171\/revisions"}],"predecessor-version":[{"id":6317,"href":"https:\/\/le-bars.net\/yoann\/wp-json\/wp\/v2\/posts\/6171\/revisions\/6317"}],"wp:attachment":[{"href":"https:\/\/le-bars.net\/yoann\/wp-json\/wp\/v2\/media?parent=6171"}],"wp:term":[{"taxonomy":"category","embeddable":true,"href":"https:\/\/le-bars.net\/yoann\/wp-json\/wp\/v2\/categories?post=6171"},{"taxonomy":"post_tag","embeddable":true,"href":"https:\/\/le-bars.net\/yoann\/wp-json\/wp\/v2\/tags?post=6171"}],"curies":[{"name":"wp","href":"https:\/\/api.w.org\/{rel}","templated":true}]}}