{"id":6902,"date":"2025-04-16T15:36:51","date_gmt":"2025-04-16T13:36:51","guid":{"rendered":"https:\/\/le-bars.net\/yoann\/?p=6902"},"modified":"2025-04-16T15:36:53","modified_gmt":"2025-04-16T13:36:53","slug":"macaron-cassis-violette-saison-2-episode-23-black-sun-signal","status":"publish","type":"post","link":"https:\/\/le-bars.net\/yoann\/fr\/2025\/04\/16\/macaron-cassis-violette-saison-2-episode-23-black-sun-signal\/","title":{"rendered":"Macaron\u00a0Cassis\u00a0Violette \u2013 Saison 2, \u00e9pisode 23 : Black Sun Signal"},"content":{"rendered":"\n<figure class=\"wp-block-embed is-type-video is-provider-vimeo wp-block-embed-vimeo wp-embed-aspect-16-9 wp-has-aspect-ratio\"><div class=\"wp-block-embed__wrapper\">\n<iframe loading=\"lazy\" title=\"Macaron Cassis Violette \u2013 Saison 2, \u00e9pisode 23 : Black Sun Signal\" src=\"https:\/\/player.vimeo.com\/video\/1076041996?dnt=1&amp;app_id=122963\" width=\"660\" height=\"371\" frameborder=\"0\" allow=\"autoplay; fullscreen; picture-in-picture; clipboard-write; encrypted-media\"><\/iframe>\n<\/div><figcaption class=\"wp-element-caption\">Macaron\u00a0Cassis\u00a0Violette \u2013 Saison 2, \u00e9pisode 23\u00a0: Black\u00a0Sun\u00a0Signal<\/figcaption><\/figure>\n\n\n\n<p>Vingt-troisi\u00e8me \u00e9pisode de la saison&nbsp;2 de <em>Macaron&nbsp;Cassis&nbsp;Violette<\/em>, diffus\u00e9 initialement sur la <a title=\"La Sorcenouille\" href=\"https:\/\/www.twitch.tv\/sorcenouille\" target=\"_blank\" rel=\"noreferrer noopener\">cha\u00eene Twitch de la Sorcenouille<\/a> lors de la <em>Revue&nbsp;de&nbsp;presse&nbsp;des&nbsp;chapoules<\/em> du 14&nbsp;avril&nbsp;2025.<\/p>\n\n\n\n<!--more-->\n\n\n\n<p>Suite \u00e0 la condamnation de Marine<span style=\"font-variant: small-caps;\">&nbsp;La&nbsp;Pen<\/span>, monsieur <span style=\"font-variant: small-caps;\">Zigarou<\/span> tente d\u2019organiser la riposte avec ses relations internationales. Cependant, un grain de sable pourrait tout d\u00e9r\u00e9gler.<\/p>\n\n\n\n<ul class=\"wp-block-list\">\n<li>Sur une id\u00e9e originale de <a title=\"La cha\u00eene Youtube Dessine moi une question\" href=\"https:\/\/www.youtube.com\/@dessine-moi_une_question\" target=\"_blank\" rel=\"noreferrer noopener\">Chlo\u00e9&nbsp;<span style=\"font-variant: small-caps;\">Debauges<\/span><\/a><\/li>\n\n\n\n<li>Texte&nbsp;: Chlo\u00e9&nbsp;<span style=\"font-variant: small-caps;\">Debauges<\/span> et Yoann&nbsp;<span style=\"font-variant: small-caps;\">Le&nbsp;Bars<\/span>, avec la complicit\u00e9 du tchat de qualit\u00e9 de la <em>Revue&nbsp;de&nbsp;presse&nbsp;des&nbsp;chapoules<\/em><\/li>\n\n\n\n<li>Musiques et montage son&nbsp;: Yoann&nbsp;<span style=\"font-variant: small-caps;\">Le&nbsp;Bars<\/span><\/li>\n\n\n\n<li>Images et montage&nbsp;: Chlo\u00e9&nbsp;<span style=\"font-variant: small-caps;\">Debauges<\/span><\/li>\n\n\n\n<li>Maniement des marionnettes et accessoires&nbsp;: Chlo\u00e9&nbsp;<span style=\"font-variant: small-caps;\">Debauges<\/span><\/li>\n\n\n\n<li>Voix&nbsp;:\n<ul class=\"wp-block-list\">\n<li>Violette (la chouette)&nbsp;: Chlo\u00e9&nbsp;<span style=\"font-variant: small-caps;\">Debauges<\/span><\/li>\n\n\n\n<li>Monsieur <span style=\"font-variant: small-caps;\">Zigarou<\/span> (le grand m\u00e9chant loup)&nbsp;: Yoann&nbsp;<span style=\"font-variant: small-caps;\">Le&nbsp;Bars<\/span><\/li>\n\n\n\n<li>Richard&nbsp;A.&nbsp;<span style=\"font-variant: small-caps;\">Ben&nbsp;Musk<\/span> (le chien)&nbsp;: Yoann&nbsp;<span style=\"font-variant: small-caps;\">Le&nbsp;Bars<\/span><\/li>\n\n\n\n<li>Helmut&nbsp;<span style=\"font-variant: small-caps;\">Wolfhart<\/span>&nbsp;: Yoann&nbsp;<span style=\"font-variant: small-caps;\">Le&nbsp;Bars<\/span><\/li>\n\n\n\n<li>Cassis&nbsp;de&nbsp;Barbarie&nbsp;(le canard)&nbsp;: Yoann&nbsp;<span style=\"font-variant: small-caps;\">Le&nbsp;Bars<\/span><\/li>\n\n\n\n<li>Jean-Sebastien&nbsp;<span style=\"font-variant: small-caps;\">Arthritre<\/span>&nbsp;: Jonathan&nbsp;<span style=\"font-variant: small-caps;\">Riols<\/span><\/li>\n\n\n\n<li>Salom\u00e9&nbsp;<span style=\"font-variant: small-caps;\">Saquhoot<\/span> (la chouette brune)&nbsp;: Nessy<\/li>\n\n\n\n<li>Sabine&nbsp;<span style=\"font-variant: small-caps;\">Van&nbsp;Dick<\/span> (marionnette \u00e0 doigt rose)&nbsp;: Inspecteur&nbsp;Wouf&nbsp;Wouf<\/li>\n\n\n\n<li>Monsieur <span style=\"font-variant: small-caps;\">Popotamou<\/span> (l\u2019hippopotame)&nbsp;: Yoann&nbsp;<span style=\"font-variant: small-caps;\">Le&nbsp;Bars<\/span><\/li>\n\n\n\n<li>Ministre&nbsp;<span style=\"font-variant: small-caps;\">DuReste<\/span> (Gnafron)&nbsp;: Marlon<\/li>\n<\/ul>\n<\/li>\n<\/ul>\n\n\n\n<p>Sources de l\u2019\u00e9pisode&nbsp;:<\/p>\n\n\n\n<ul class=\"wp-block-list\">\n<li>Le&nbsp;Monde avec AFP (31\/03\/2025). \u00ab\u202fCondamnation de Marine&nbsp;<span style=\"font-variant: small-caps;\">Le&nbsp;Pen<\/span>&nbsp;: retrouvez le d\u00e9tail de l\u2019ensemble des peines prononc\u00e9es dans l\u2019affaire des assistants FN au Parlement europ\u00e9en\u202f\u00bb. <a title=\"Condamnation de Marine&nbsp;Le&nbsp;Pen&nbsp;: retrouvez le d\u00e9tail de l\u2019ensemble des peines prononc\u00e9es dans l\u2019affaire des assistants FN au Parlement europ\u00e9en\" href=\"https:\/\/www.lemonde.fr\/politique\/article\/2025\/03\/31\/condamnation-de-marine-le-pen-retrouvez-le-detail-de-l-ensemble-des-peines-prononcees-dans-l-affaire-des-assistants-fn-au-parlement-europeen_6589014_823448.html\" target=\"_blank\" rel=\"noreferrer noopener\">Disponible en ligne<\/a>.<\/li>\n\n\n\n<li><span style=\"font-variant: small-caps;\">Maad<\/span>, Assam (31\/03\/2025). \u00ab\u202fMarine&nbsp;<span style=\"font-variant: small-caps;\">Le&nbsp;Pen<\/span> condamn\u00e9e dans l\u2019affaire des&nbsp;assistants parlementaires du FN&nbsp;: ce que la&nbsp;justice lui reproche\u202f\u00bb, <em>Le&nbsp;Monde<\/em>. <a title=\"Marine Le Pen condamn\u00e9e dans l\u2019affaire des&nbsp;assistants parlementaires du FN&nbsp;: ce que la&nbsp;justice lui reproche\" href=\"https:\/\/www.lemonde.fr\/les-decodeurs\/article\/2025\/03\/31\/marine-le-pen-condamnee-dans-l-affaire-des-assistants-parlementaires-du-fn-ce-que-la-justice-lui-reproche_6588582_4355771.html\" target=\"_blank\" rel=\"noreferrer noopener\">Disponible en ligne<\/a>.<\/li>\n\n\n\n<li><span style=\"font-variant: small-caps;\">Vignaud<\/span>, Julien (31\/03\/2025). \u00ab\u202fSon garde du corps, sa s\u0153ur&nbsp;: qui sont les autres condamn\u00e9s aux c\u00f4t\u00e9s de Marine&nbsp;<span style=\"font-variant: small-caps;\">Le&nbsp;Pen<\/span>\u202f?\u202f\u00bb, <em>Le&nbsp;Point<\/em>. <a title=\"Son garde du corps, sa s\u0153ur&nbsp;: qui sont les autres condamn\u00e9s aux c\u00f4t\u00e9s de Marine Le Pen&nbsp;?\" href=\"https:\/\/www.lepoint.fr\/politique\/aliot-gollnisch-bay-legier-qui-sont-les-autres-condamnes-aux-cotes-de-marine-le-pen-31-03-2025-2586160_20.php\" target=\"_blank\" rel=\"noreferrer noopener\">Disponible en ligne<\/a>.<\/li>\n\n\n\n<li>Wikip\u00e9dia. \u00ab\u202fLoterie \u00e9lectorale Elon&nbsp;<span style=\"font-variant: small-caps;\">Musk<\/span> de 2024\u202f\u00bb. <a title=\"Loterie \u00e9lectorale Elon Musk de 2024\" href=\"https:\/\/fr.wikipedia.org\/wiki\/Loterie_%C3%A9lectorale_Elon_Musk_de_2024\" target=\"_blank\" rel=\"noreferrer noopener\">Disponible en ligne<\/a>.<\/li>\n\n\n\n<li><span style=\"font-variant: small-caps;\">Lanclume<\/span>, Patrice (29\/01\/2025). \u00ab\u202fPierre-Yves&nbsp;<span style=\"font-variant: small-caps;\">Rougeyron<\/span>&nbsp;: les peuples qui aiment mettre des gens dans des trains\u202f\u00bb, <em>X<\/em>. <a title=\"Pierre-Yves&nbsp;Rougeyron&nbsp;: les peuples qui aiment mettre des gens dans des trains\" href=\"https:\/\/x.com\/LanclumePatrice\/status\/1884696980653269369\" target=\"_blank\" rel=\"noreferrer noopener\">Disponible en ligne<\/a>.<\/li>\n\n\n\n<li><span style=\"font-variant: small-caps;\">Biseau<\/span>, Gr\u00e9goire (01\/04\/2025). \u00ab\u202fCondamnation de Marine&nbsp;<span style=\"font-variant: small-caps;\">Le&nbsp;Pen<\/span>&nbsp;: l\u2019ex\u00e9cution provisoire de l\u2019in\u00e9ligibilit\u00e9, au nom du \u00ab\u202frisque de r\u00e9cidive\u202f\u00bb et de \u00ab\u202ftrouble \u00e0 l\u2019ordre public\u202f\u00bb\u202f\u00bb, <em>Le&nbsp;Monde<\/em>. <a title=\"Condamnation de Marine&nbsp;Le&nbsp;Pen&nbsp;: l\u2019ex\u00e9cution provisoire de l\u2019in\u00e9ligibilit\u00e9, au nom du \u00ab\u202frisque de r\u00e9cidive\u202f\u00bb et de \u00ab\u202ftrouble \u00e0 l\u2019ordre public\u202f\u00bb\" href=\"https:\/\/www.lemonde.fr\/politique\/article\/2025\/04\/01\/condamnation-de-marine-le-pen-l-execution-provisoire-de-l-ineligibilite-au-nom-du-risque-de-recidive-et-de-trouble-a-l-ordre-public_6589387_823448.html\" target=\"_blank\" rel=\"noreferrer noopener\">Disponible en ligne<\/a>.<\/li>\n\n\n\n<li><span style=\"font-variant: small-caps;\">Servant<\/span>, Valentine (03\/07\/2024). \u00ab\u202fQuand Jordan&nbsp;<span style=\"font-variant: small-caps;\">Bardella<\/span> \u00e9tait cancre \u00e0 la fac et figure montante du Front&nbsp;National\u202f\u00bb, <em>Vanity&nbsp;Fair<\/em>. <a title=\"Quand Jordan&nbsp;Bardella \u00e9tait cancre \u00e0 la fac et figure montante du Front&nbsp;National\" href=\"https:\/\/www.vanityfair.fr\/article\/quand-jordan-bardella-etait-cancre-a-la-fac-et-figure-montante-du-front-national\" target=\"_blank\" rel=\"noreferrer noopener\">Disponible en ligne<\/a>.<\/li>\n\n\n\n<li><span style=\"font-variant: small-caps;\">Viktorovitch<\/span>, Cl\u00e9ment (27\/05\/2024). \u00ab\u202fD\u00e9bat <span style=\"font-variant: small-caps;\">Attal<\/span> \u2013 <span style=\"font-variant: small-caps;\">Bardella<\/span>&nbsp;: l\u2019analyse COMPL\u00c8TE\u202f\u00bb, <em>Youtube<\/em>. <a title=\"D\u00e9bat Attal \u2013 Bardella&nbsp;: l\u2019analyse COMPL\u00c8TE\" href=\"https:\/\/www.youtube.com\/watch?v=EyJLxMEQaow\" target=\"_blank\" rel=\"noreferrer noopener\">Disponible en ligne<\/a>.<\/li>\n\n\n\n<li><span style=\"font-variant: small-caps;\">Goldberg<\/span>, Jeffrey (24\/03\/2025). \u00ab\u202fThe Trump administration accidentally texted me its war plans\u202f\u00bb, <em>The&nbsp;Atlantic<\/em>. <a title=\"The Trump administration accidentally texted me its war plans\" href=\"https:\/\/www.theatlantic.com\/politics\/archive\/2025\/03\/trump-administration-accidentally-texted-me-its-war-plans\/682151\/\" target=\"_blank\" rel=\"noreferrer noopener\">Disponible en ligne<\/a>.<\/li>\n\n\n\n<li>Wikip\u00e9dia. \u00ab\u202fAssaut du Capitole par des partisans de Donald&nbsp;<span style=\"font-variant: small-caps;\">Trump<\/span>\u202f\u00bb. <a title=\"Assaut du Capitole par des partisans de Donald&nbsp;Trump\" href=\"https:\/\/fr.wikipedia.org\/wiki\/Assaut_du_Capitole_par_des_partisans_de_Donald_Trump\" target=\"_blank\" rel=\"noreferrer noopener\">Disponible en ligne<\/a>.<\/li>\n\n\n\n<li><span style=\"font-variant: small-caps;\">Mauger<\/span>, P., L.&nbsp;<span style=\"font-variant: small-caps;\">Nahon<\/span>, M.&nbsp;<span style=\"font-variant: small-caps;\">Dolphin<\/span> et A.&nbsp;<span style=\"font-variant: small-caps;\">Tribouart<\/span> (01\/04\/2025). \u00ab\u202fCondamnation de Marine&nbsp;<span style=\"font-variant: small-caps;\">Le&nbsp;Pen<\/span>&nbsp;: les trois juges cibles d\u2019insultes et de menaces de mort\u202f\u00bb, <em>Franceinfo<\/em>. <a title=\"Condamnation de Marine Le Pen : les trois juges cibles d\u2019insultes et de menaces de mort\" href=\"https:\/\/www.francetvinfo.fr\/replay-jt\/france-2\/20-heures\/condamnation-de-marine-le-pen-les-trois-juges-cibles-d-insultes-et-de-menaces-de-mort_7164687.html\" target=\"_blank\" rel=\"noreferrer noopener\">Disponible en ligne<\/a>.<\/li>\n\n\n\n<li>Franceinfo (31\/03\/2025). \u00ab\u202f\u201cD\u00e9cision politique\u201d, \u201cjour funeste\u201d, \u201cd\u00e9ni de d\u00e9mocratie\u201d\u2026 Ce qu\u2019il faut retenir de l\u2019interview de Marine&nbsp;<span style=\"font-variant: small-caps;\">Le&nbsp;Pen<\/span> sur TF1 apr\u00e8s sa condamnation\u202f\u00bb. <a title=\"\u201cD\u00e9cision politique\u201d, \u201cjour funeste\u201d, \u201cd\u00e9ni de d\u00e9mocratie\u201d\u2026 Ce qu\u2019il faut retenir de l\u2019interview de Marine&nbsp;Le&nbsp;Pen sur TF1 apr\u00e8s sa condamnation\" href=\"https:\/\/www.francetvinfo.fr\/politique\/marine-le-pen\/decision-politique-jour-funeste-deni-de-democratie-ce-qu-il-faut-retenir-de-l-interview-de-marine-le-pen-sur-tf1-apres-sa-condamnation_7162947.html\" target=\"_blank\" rel=\"noreferrer noopener\">Disponible en ligne<\/a>.<\/li>\n\n\n\n<li>Franceinfo (31\/03\/2025). \u00ab\u202fCondamnation de Marine&nbsp;<span style=\"font-variant: small-caps;\">Le&nbsp;Pen<\/span>&nbsp;: en r\u00e9ponse \u00e0 une p\u00e9tition d\u00e9non\u00e7ant \u201cla dictature des juges\u201d, le PS appelle \u00e0 signer un texte en soutien \u00e0 la Justice\u202f\u00bb. <a title=\"Condamnation de Marine&nbsp;Le&nbsp;Pen&nbsp;: en r\u00e9ponse \u00e0 une p\u00e9tition d\u00e9non\u00e7ant \u201cla dictature des juges\u201d, le PS appelle \u00e0 signer un texte en soutien \u00e0 la Justice\" href=\"https:\/\/www.francetvinfo.fr\/politique\/marine-le-pen\/condamnation-de-marine-le-pen-en-reponse-a-une-petition-denoncant-la-dictature-des-juges-le-ps-appelle-a-signer-un-texte-en-soutien-a-la-justice_7163055.html\" target=\"_blank\" rel=\"noreferrer noopener\">Disponible en ligne<\/a>.<\/li>\n\n\n\n<li><span style=\"font-variant: small-caps;\">Chapoutot<\/span>, Johann (2025). \u00ab\u202fLes&nbsp;Irresponsables\u202f\u00bb, NRF&nbsp;Essais, <em>Gallimard<\/em>.<\/li>\n\n\n\n<li><span style=\"font-variant: small-caps;\">Mallais<\/span>, Hugo (01\/04\/2025). \u00ab\u202fMarine&nbsp;<span style=\"font-variant: small-caps;\">Le&nbsp;Pen<\/span>&nbsp;: cette question de Gilles&nbsp;<span style=\"font-variant: small-caps;\">Bouleau<\/span> sur sa condamnation l\u2019a fortement agac\u00e9e\u202f!\u202f\u00bb, <em>T\u00e9l\u00e9&nbsp;7&nbsp;jours<\/em>. <a title=\"Marine&nbsp;Le&nbsp;Pen&nbsp;: cette question de Gilles&nbsp;Bouleau sur sa condamnation l\u2019a fortement agac\u00e9e\u202f!\" href=\"https:\/\/www.programme-television.org\/news\/people\/politique\/marine-le-pen-cette-question-de-gilles-bouleau-sur-sa-condamnation-l-a-fortement-agacee-4739620\" target=\"_blank\" rel=\"noreferrer noopener\">Disponible en ligne<\/a>.<\/li>\n\n\n\n<li><span style=\"font-variant: small-caps;\">Bouleau<\/span>, Gilles (31\/03\/2025). \u00ab\u202fCondamn\u00e9e \u00e0 5 ans d'in\u00e9ligibilit\u00e9 imm\u00e9diate, Marine&nbsp;<span style=\"font-variant: small-caps;\">Le&nbsp;Pen<\/span> invit\u00e9e du JT de 20\u202fh\u202f\u00bb, <em>TF1<\/em>. <a title=\"Condamn\u00e9e \u00e0 5 ans d'in\u00e9ligibilit\u00e9 imm\u00e9diate, Marine Le Pen invit\u00e9e du JT de 20\u202fh\" href=\"https:\/\/www.youtube.com\/watch?v=ol-eh9u5NOY&amp;list=RDNSol-eh9u5NOY&amp;start_radio=1\" target=\"_blank\" rel=\"noreferrer noopener\">Disponible en ligne<\/a>.<\/li>\n\n\n\n<li>Beaver (31\/03\/2025). \u00ab\u202fEn effet, Yoann&nbsp;<span style=\"font-variant: small-caps;\">Usai<\/span> a dit sur CNews que le RN reconnaissait le d\u00e9tournement de fond\u202f\u00bb, <em>X<\/em>. <a title=\"En effet, Yoann&nbsp;Usai a dit sur CNews que le RN reconnaissait le d\u00e9tournement de fond\" href=\"https:\/\/x.com\/bievrerouge\/status\/1906803526657044789\" target=\"_blank\" rel=\"noreferrer noopener\">Disponible en ligne<\/a>.<\/li>\n\n\n\n<li>Le&nbsp;Point (18\/07\/2017). \u00ab\u202fAssistants d\u2019eurod\u00e9put\u00e9s&nbsp;: l\u2019enqu\u00eate \u00e9largie \u00e0 Jean-Luc&nbsp;<span style=\"font-variant: small-caps;\">M\u00e9lenchon<\/span>\u202f\u00bb. <a title=\"Assistants d\u2019eurod\u00e9put\u00e9s&nbsp;: l\u2019enqu\u00eate \u00e9largie \u00e0 Jean-Luc&nbsp;M\u00e9lenchon\" href=\"https:\/\/www.lepoint.fr\/politique\/assistants-d-eurodeputes-l-enquete-elargie-a-jean-luc-melenchon-18-07-2017-2144030_20.php\" target=\"_blank\" rel=\"noreferrer noopener\">Disponible en ligne<\/a>.<\/li>\n\n\n\n<li><span style=\"font-variant: small-caps;\">Chastrusse<\/span>, Camille et Victor&nbsp;Ulysse&nbsp;<span style=\"font-variant: small-caps;\">Sultra<\/span> (01\/04\/2025). \u00ab\u202fMarine&nbsp;<span style=\"font-variant: small-caps;\">Le&nbsp;Pen<\/span>&nbsp;: l\u2019incarnation de la d\u00e9linquence politique\u202f\u00bb, <em>Blast<\/em>. <a title=\"Marine&nbsp;Le&nbsp;Pen&nbsp;: l\u2019incarnation de la d\u00e9linquence politique\" href=\"https:\/\/www.youtube.com\/watch?v=FqdWGQqirwE\" target=\"_blank\" rel=\"noreferrer noopener\">Disponible en ligne<\/a>.<\/li>\n\n\n\n<li><span style=\"font-variant: small-caps;\">Viktorovitch<\/span>, Cl\u00e9ment (03\/04\/2025). \u00ab\u202fJe d\u00e9monte TOUTE la d\u00e9fense de Marine&nbsp;<span style=\"font-variant: small-caps;\">Le&nbsp;Pen<\/span>\u202f\u00bb. <em>Youtube<\/em>. <a title=\"Je d\u00e9monte TOUTE la d\u00e9fense de Marine&nbsp;Le&nbsp;Pen\" href=\"https:\/\/www.youtube.com\/watch?v=M6AXm2hBALw\" target=\"_blank\" rel=\"noreferrer noopener\">Disponible en ligne<\/a>.<\/li>\n\n\n\n<li>Wikip\u00e9dia. \u00ab\u202fIncendie du Reichstag\u202f\u00bb. <a title=\"Incendie du Reichstag\" href=\"https:\/\/fr.wikipedia.org\/wiki\/Incendie_du_Reichstag\" target=\"_blank\" rel=\"noreferrer noopener\">Disponible en ligne<\/a>.<\/li>\n\n\n\n<li>Le&nbsp;Monde (01\/04\/2025). \u00ab\u202fCondamnation de Marine&nbsp;<span style=\"font-variant: small-caps;\">Le&nbsp;Pen<\/span>&nbsp;: la r\u00e9action du gouvernement\u202f\u00bb, <em>Dailymotion<\/em>. <a title=\"Condamnation de Marine Le Pen : la r\u00e9action du gouvernement\" href=\"https:\/\/www.dailymotion.com\/video\/x9h56bg\" target=\"_blank\" rel=\"noreferrer noopener\">Disponible en ligne<\/a>.<\/li>\n\n\n\n<li>Le&nbsp;Monde (08\/02\/2024). \u00ab\u202fAssistants parlementaires du MoDem&nbsp;: le parquet fait appel de la relaxe de Fran\u00e7ois&nbsp;<span style=\"font-variant: small-caps;\">Bayrou<\/span>\u202f\u00bb. <a title=\"Assistants parlementaires du MoDem&nbsp;: le parquet fait appel de la relaxe de Fran\u00e7ois Bayrou\" href=\"https:\/\/www.lemonde.fr\/politique\/article\/2024\/02\/08\/modem-le-parquet-fait-appel-de-la-relaxe-de-francois-bayrou-dans-l-affaire-des-assistants-parlementaires-europeens_6215451_823448.html\" target=\"_blank\" rel=\"noreferrer noopener\">Disponible en ligne<\/a>.<\/li>\n<\/ul>\n","protected":false},"excerpt":{"rendered":"<p>Vingt-troisi\u00e8me \u00e9pisode de la saison&nbsp;2 de Macaron&nbsp;Cassis&nbsp;Violette, diffus\u00e9 initialement sur la cha\u00eene Twitch de la Sorcenouille lors de la Revue&nbsp;de&nbsp;presse&nbsp;des&nbsp;chapoules du 14&nbsp;avril&nbsp;2025.<\/p>\n","protected":false},"author":1,"featured_media":0,"comment_status":"open","ping_status":"open","sticky":false,"template":"","format":"video","meta":{"jetpack_post_was_ever_published":false,"_jetpack_newsletter_access":"","_jetpack_dont_email_post_to_subs":false,"_jetpack_newsletter_tier_id":0,"_jetpack_memberships_contains_paywalled_content":false,"_jetpack_memberships_contains_paid_content":false,"footnotes":""},"categories":[24,79,15,147],"tags":[112,196,83],"class_list":["post-6902","post","type-post","status-publish","format-video","hentry","category-culture","category-point-de-vue","category-politique","category-societe","tag-culture-fr","tag-humour-fr","tag-societe","post_format-post-format-video"],"yoast_head":"<!-- This site is optimized with the Yoast SEO plugin v27.1.1 - https:\/\/yoast.com\/product\/yoast-seo-wordpress\/ -->\n<title>Macaron\u00a0Cassis\u00a0Violette \u2013 Saison 2, \u00e9pisode 23 : Black Sun Signal &#8211; Vu d\u2019ici<\/title>\n<meta name=\"description\" content=\"Vingt-troisi\u00e8me \u00e9pisode de la deuxi\u00e8me saison de la s\u00e9rie de commentaires satiriques de l\u2019actualit\u00e9 intitul\u00e9e Macaron Cassis Violette.\" \/>\n<meta name=\"robots\" content=\"index, follow, max-snippet:-1, max-image-preview:large, max-video-preview:-1\" \/>\n<link rel=\"canonical\" href=\"https:\/\/le-bars.net\/yoann\/fr\/2025\/04\/16\/macaron-cassis-violette-saison-2-episode-23-black-sun-signal\/\" \/>\n<meta property=\"og:locale\" content=\"fr_FR\" \/>\n<meta property=\"og:type\" content=\"article\" \/>\n<meta property=\"og:title\" content=\"Macaron\u00a0Cassis\u00a0Violette \u2013 Saison 2, \u00e9pisode 23 : Black Sun Signal &#8211; Vu d\u2019ici\" \/>\n<meta property=\"og:description\" content=\"Vingt-troisi\u00e8me \u00e9pisode de la deuxi\u00e8me saison de la s\u00e9rie de commentaires satiriques de l\u2019actualit\u00e9 intitul\u00e9e Macaron Cassis Violette.\" \/>\n<meta property=\"og:url\" content=\"https:\/\/le-bars.net\/yoann\/fr\/2025\/04\/16\/macaron-cassis-violette-saison-2-episode-23-black-sun-signal\/\" \/>\n<meta property=\"og:site_name\" content=\"Vu d\u2019ici\" \/>\n<meta property=\"article:published_time\" content=\"2025-04-16T13:36:51+00:00\" \/>\n<meta property=\"article:modified_time\" content=\"2025-04-16T13:36:53+00:00\" \/>\n<meta name=\"author\" content=\"Yoann Le Bars\" \/>\n<meta name=\"twitter:card\" content=\"summary_large_image\" \/>\n<meta name=\"twitter:label1\" content=\"\u00c9crit par\" \/>\n\t<meta name=\"twitter:data1\" content=\"Yoann Le Bars\" \/>\n\t<meta name=\"twitter:label2\" content=\"Dur\u00e9e de lecture estim\u00e9e\" \/>\n\t<meta name=\"twitter:data2\" content=\"4 minutes\" \/>\n<script type=\"application\/ld+json\" class=\"yoast-schema-graph\">{\"@context\":\"https:\/\/schema.org\",\"@graph\":[{\"@type\":\"Article\",\"@id\":\"https:\/\/le-bars.net\/yoann\/fr\/2025\/04\/16\/macaron-cassis-violette-saison-2-episode-23-black-sun-signal\/#article\",\"isPartOf\":{\"@id\":\"https:\/\/le-bars.net\/yoann\/fr\/2025\/04\/16\/macaron-cassis-violette-saison-2-episode-23-black-sun-signal\/\"},\"author\":{\"name\":\"Yoann Le Bars\",\"@id\":\"https:\/\/le-bars.net\/yoann\/#\/schema\/person\/90c5a2de7ad2db1184bbe140ebea1576\"},\"headline\":\"Macaron\u00a0Cassis\u00a0Violette \u2013 Saison 2, \u00e9pisode 23 : Black Sun Signal\",\"datePublished\":\"2025-04-16T13:36:51+00:00\",\"dateModified\":\"2025-04-16T13:36:53+00:00\",\"mainEntityOfPage\":{\"@id\":\"https:\/\/le-bars.net\/yoann\/fr\/2025\/04\/16\/macaron-cassis-violette-saison-2-episode-23-black-sun-signal\/\"},\"wordCount\":813,\"commentCount\":1,\"publisher\":{\"@id\":\"https:\/\/le-bars.net\/yoann\/#\/schema\/person\/90c5a2de7ad2db1184bbe140ebea1576\"},\"keywords\":[\"Culture\",\"Humour\",\"Soci\u00e9t\u00e9\"],\"articleSection\":[\"Culture\",\"Point de vue\",\"Politique\",\"Soci\u00e9t\u00e9\"],\"inLanguage\":\"fr-FR\",\"potentialAction\":[{\"@type\":\"CommentAction\",\"name\":\"Comment\",\"target\":[\"https:\/\/le-bars.net\/yoann\/fr\/2025\/04\/16\/macaron-cassis-violette-saison-2-episode-23-black-sun-signal\/#respond\"]}]},{\"@type\":\"WebPage\",\"@id\":\"https:\/\/le-bars.net\/yoann\/fr\/2025\/04\/16\/macaron-cassis-violette-saison-2-episode-23-black-sun-signal\/\",\"url\":\"https:\/\/le-bars.net\/yoann\/fr\/2025\/04\/16\/macaron-cassis-violette-saison-2-episode-23-black-sun-signal\/\",\"name\":\"Macaron\u00a0Cassis\u00a0Violette \u2013 Saison 2, \u00e9pisode 23 : Black Sun Signal &#8211; Vu d\u2019ici\",\"isPartOf\":{\"@id\":\"https:\/\/le-bars.net\/yoann\/#website\"},\"datePublished\":\"2025-04-16T13:36:51+00:00\",\"dateModified\":\"2025-04-16T13:36:53+00:00\",\"description\":\"Vingt-troisi\u00e8me \u00e9pisode de la deuxi\u00e8me saison de la s\u00e9rie de commentaires satiriques de l\u2019actualit\u00e9 intitul\u00e9e Macaron Cassis Violette.\",\"breadcrumb\":{\"@id\":\"https:\/\/le-bars.net\/yoann\/fr\/2025\/04\/16\/macaron-cassis-violette-saison-2-episode-23-black-sun-signal\/#breadcrumb\"},\"inLanguage\":\"fr-FR\",\"potentialAction\":[{\"@type\":\"ReadAction\",\"target\":[\"https:\/\/le-bars.net\/yoann\/fr\/2025\/04\/16\/macaron-cassis-violette-saison-2-episode-23-black-sun-signal\/\"]}]},{\"@type\":\"BreadcrumbList\",\"@id\":\"https:\/\/le-bars.net\/yoann\/fr\/2025\/04\/16\/macaron-cassis-violette-saison-2-episode-23-black-sun-signal\/#breadcrumb\",\"itemListElement\":[{\"@type\":\"ListItem\",\"position\":1,\"name\":\"Accueil\",\"item\":\"https:\/\/le-bars.net\/yoann\/fr\/\"},{\"@type\":\"ListItem\",\"position\":2,\"name\":\"Macaron\u00a0Cassis\u00a0Violette \u2013 Saison 2, \u00e9pisode 23 : Black Sun Signal\"}]},{\"@type\":\"WebSite\",\"@id\":\"https:\/\/le-bars.net\/yoann\/#website\",\"url\":\"https:\/\/le-bars.net\/yoann\/\",\"name\":\"Vu d\u2019ici\",\"description\":\"Pages personnelles de Yoann LE\u00a0BARS\",\"publisher\":{\"@id\":\"https:\/\/le-bars.net\/yoann\/#\/schema\/person\/90c5a2de7ad2db1184bbe140ebea1576\"},\"potentialAction\":[{\"@type\":\"SearchAction\",\"target\":{\"@type\":\"EntryPoint\",\"urlTemplate\":\"https:\/\/le-bars.net\/yoann\/?s={search_term_string}\"},\"query-input\":{\"@type\":\"PropertyValueSpecification\",\"valueRequired\":true,\"valueName\":\"search_term_string\"}}],\"inLanguage\":\"fr-FR\"},{\"@type\":[\"Person\",\"Organization\"],\"@id\":\"https:\/\/le-bars.net\/yoann\/#\/schema\/person\/90c5a2de7ad2db1184bbe140ebea1576\",\"name\":\"Yoann Le Bars\",\"image\":{\"@type\":\"ImageObject\",\"inLanguage\":\"fr-FR\",\"@id\":\"https:\/\/le-bars.net\/yoann\/#\/schema\/person\/image\/\",\"url\":\"https:\/\/i0.wp.com\/le-bars.net\/yoann\/wordpress\/wp-content\/uploads\/2020\/11\/fec731577f2c05141910be0dc3ef5bb2.jpeg?fit=80%2C80&ssl=1\",\"contentUrl\":\"https:\/\/i0.wp.com\/le-bars.net\/yoann\/wordpress\/wp-content\/uploads\/2020\/11\/fec731577f2c05141910be0dc3ef5bb2.jpeg?fit=80%2C80&ssl=1\",\"width\":80,\"height\":80,\"caption\":\"Yoann Le Bars\"},\"logo\":{\"@id\":\"https:\/\/le-bars.net\/yoann\/#\/schema\/person\/image\/\"},\"description\":\"Un enseignant-chercheur avec un peu trop de centres d\u2019int\u00e9r\u00eats pour pouvoir r\u00e9sumer\u2026\",\"sameAs\":[\"http:\/\/le-bars.net\/yoann\"]}]}<\/script>\n<!-- \/ Yoast SEO plugin. -->","yoast_head_json":{"title":"Macaron\u00a0Cassis\u00a0Violette \u2013 Saison 2, \u00e9pisode 23 : Black Sun Signal &#8211; Vu d\u2019ici","description":"Vingt-troisi\u00e8me \u00e9pisode de la deuxi\u00e8me saison de la s\u00e9rie de commentaires satiriques de l\u2019actualit\u00e9 intitul\u00e9e Macaron Cassis Violette.","robots":{"index":"index","follow":"follow","max-snippet":"max-snippet:-1","max-image-preview":"max-image-preview:large","max-video-preview":"max-video-preview:-1"},"canonical":"https:\/\/le-bars.net\/yoann\/fr\/2025\/04\/16\/macaron-cassis-violette-saison-2-episode-23-black-sun-signal\/","og_locale":"fr_FR","og_type":"article","og_title":"Macaron\u00a0Cassis\u00a0Violette \u2013 Saison 2, \u00e9pisode 23 : Black Sun Signal &#8211; Vu d\u2019ici","og_description":"Vingt-troisi\u00e8me \u00e9pisode de la deuxi\u00e8me saison de la s\u00e9rie de commentaires satiriques de l\u2019actualit\u00e9 intitul\u00e9e Macaron Cassis Violette.","og_url":"https:\/\/le-bars.net\/yoann\/fr\/2025\/04\/16\/macaron-cassis-violette-saison-2-episode-23-black-sun-signal\/","og_site_name":"Vu d\u2019ici","article_published_time":"2025-04-16T13:36:51+00:00","article_modified_time":"2025-04-16T13:36:53+00:00","author":"Yoann Le Bars","twitter_card":"summary_large_image","twitter_misc":{"\u00c9crit par":"Yoann Le Bars","Dur\u00e9e de lecture estim\u00e9e":"4 minutes"},"schema":{"@context":"https:\/\/schema.org","@graph":[{"@type":"Article","@id":"https:\/\/le-bars.net\/yoann\/fr\/2025\/04\/16\/macaron-cassis-violette-saison-2-episode-23-black-sun-signal\/#article","isPartOf":{"@id":"https:\/\/le-bars.net\/yoann\/fr\/2025\/04\/16\/macaron-cassis-violette-saison-2-episode-23-black-sun-signal\/"},"author":{"name":"Yoann Le Bars","@id":"https:\/\/le-bars.net\/yoann\/#\/schema\/person\/90c5a2de7ad2db1184bbe140ebea1576"},"headline":"Macaron\u00a0Cassis\u00a0Violette \u2013 Saison 2, \u00e9pisode 23 : Black Sun Signal","datePublished":"2025-04-16T13:36:51+00:00","dateModified":"2025-04-16T13:36:53+00:00","mainEntityOfPage":{"@id":"https:\/\/le-bars.net\/yoann\/fr\/2025\/04\/16\/macaron-cassis-violette-saison-2-episode-23-black-sun-signal\/"},"wordCount":813,"commentCount":1,"publisher":{"@id":"https:\/\/le-bars.net\/yoann\/#\/schema\/person\/90c5a2de7ad2db1184bbe140ebea1576"},"keywords":["Culture","Humour","Soci\u00e9t\u00e9"],"articleSection":["Culture","Point de vue","Politique","Soci\u00e9t\u00e9"],"inLanguage":"fr-FR","potentialAction":[{"@type":"CommentAction","name":"Comment","target":["https:\/\/le-bars.net\/yoann\/fr\/2025\/04\/16\/macaron-cassis-violette-saison-2-episode-23-black-sun-signal\/#respond"]}]},{"@type":"WebPage","@id":"https:\/\/le-bars.net\/yoann\/fr\/2025\/04\/16\/macaron-cassis-violette-saison-2-episode-23-black-sun-signal\/","url":"https:\/\/le-bars.net\/yoann\/fr\/2025\/04\/16\/macaron-cassis-violette-saison-2-episode-23-black-sun-signal\/","name":"Macaron\u00a0Cassis\u00a0Violette \u2013 Saison 2, \u00e9pisode 23 : Black Sun Signal &#8211; Vu d\u2019ici","isPartOf":{"@id":"https:\/\/le-bars.net\/yoann\/#website"},"datePublished":"2025-04-16T13:36:51+00:00","dateModified":"2025-04-16T13:36:53+00:00","description":"Vingt-troisi\u00e8me \u00e9pisode de la deuxi\u00e8me saison de la s\u00e9rie de commentaires satiriques de l\u2019actualit\u00e9 intitul\u00e9e Macaron Cassis Violette.","breadcrumb":{"@id":"https:\/\/le-bars.net\/yoann\/fr\/2025\/04\/16\/macaron-cassis-violette-saison-2-episode-23-black-sun-signal\/#breadcrumb"},"inLanguage":"fr-FR","potentialAction":[{"@type":"ReadAction","target":["https:\/\/le-bars.net\/yoann\/fr\/2025\/04\/16\/macaron-cassis-violette-saison-2-episode-23-black-sun-signal\/"]}]},{"@type":"BreadcrumbList","@id":"https:\/\/le-bars.net\/yoann\/fr\/2025\/04\/16\/macaron-cassis-violette-saison-2-episode-23-black-sun-signal\/#breadcrumb","itemListElement":[{"@type":"ListItem","position":1,"name":"Accueil","item":"https:\/\/le-bars.net\/yoann\/fr\/"},{"@type":"ListItem","position":2,"name":"Macaron\u00a0Cassis\u00a0Violette \u2013 Saison 2, \u00e9pisode 23 : Black Sun Signal"}]},{"@type":"WebSite","@id":"https:\/\/le-bars.net\/yoann\/#website","url":"https:\/\/le-bars.net\/yoann\/","name":"Vu d\u2019ici","description":"Pages personnelles de Yoann LE\u00a0BARS","publisher":{"@id":"https:\/\/le-bars.net\/yoann\/#\/schema\/person\/90c5a2de7ad2db1184bbe140ebea1576"},"potentialAction":[{"@type":"SearchAction","target":{"@type":"EntryPoint","urlTemplate":"https:\/\/le-bars.net\/yoann\/?s={search_term_string}"},"query-input":{"@type":"PropertyValueSpecification","valueRequired":true,"valueName":"search_term_string"}}],"inLanguage":"fr-FR"},{"@type":["Person","Organization"],"@id":"https:\/\/le-bars.net\/yoann\/#\/schema\/person\/90c5a2de7ad2db1184bbe140ebea1576","name":"Yoann Le Bars","image":{"@type":"ImageObject","inLanguage":"fr-FR","@id":"https:\/\/le-bars.net\/yoann\/#\/schema\/person\/image\/","url":"https:\/\/i0.wp.com\/le-bars.net\/yoann\/wordpress\/wp-content\/uploads\/2020\/11\/fec731577f2c05141910be0dc3ef5bb2.jpeg?fit=80%2C80&ssl=1","contentUrl":"https:\/\/i0.wp.com\/le-bars.net\/yoann\/wordpress\/wp-content\/uploads\/2020\/11\/fec731577f2c05141910be0dc3ef5bb2.jpeg?fit=80%2C80&ssl=1","width":80,"height":80,"caption":"Yoann Le Bars"},"logo":{"@id":"https:\/\/le-bars.net\/yoann\/#\/schema\/person\/image\/"},"description":"Un enseignant-chercheur avec un peu trop de centres d\u2019int\u00e9r\u00eats pour pouvoir r\u00e9sumer\u2026","sameAs":["http:\/\/le-bars.net\/yoann"]}]}},"jetpack_featured_media_url":"","jetpack_shortlink":"https:\/\/wp.me\/p61hos-1Nk","jetpack-related-posts":[{"id":5579,"url":"https:\/\/le-bars.net\/yoann\/fr\/2024\/11\/25\/macaron-cassis-violette-tous-les-episodes\/","url_meta":{"origin":6902,"position":0},"title":"Macaron\u00a0Cassis Violette \u2013 tous les \u00e9pisodes","author":"Yoann Le Bars","date":"25 novembre 2024","format":false,"excerpt":"La s\u00e9rie Macaron\u00a0Cassis\u00a0Violette est une s\u00e9rie satirique, qui commente l\u2019actualit\u00e9 avec des marionnettes. Chaque \u00e9pisode est accompagn\u00e9 d\u2019un ensemble de sources documentant les faits comment\u00e9s. Parce que l\u2019humour, c'est s\u00e9rieux, il ne faut pas le laisser \u00e0 des rigolos\u202f! Un nouvel \u00e9pisode est diffus\u00e9 tous les lundis soir sur la\u2026","rel":"","context":"Dans &quot;Culture&quot;","block_context":{"text":"Culture","link":"https:\/\/le-bars.net\/yoann\/fr\/category\/culture\/"},"img":{"alt_text":"","src":"","width":0,"height":0},"classes":[]},{"id":6322,"url":"https:\/\/le-bars.net\/yoann\/fr\/2025\/02\/05\/macaron-cassis-violette-saison-2-episode-15-jentends-siffler-le-loup\/","url_meta":{"origin":6902,"position":1},"title":"Macaron\u00a0Cassis\u00a0Violette \u2013 Saison 2, \u00e9pisode 15\u00a0: J\u2019entends siffler le loup","author":"Yoann Le Bars","date":"5 f\u00e9vrier 2025","format":"video","excerpt":"https:\/\/vimeo.com\/1053595686?share=copy#t=0 Macaron\u00a0Cassis\u00a0Violette \u2013 Saison\u00a02, \u00e9pisode\u00a015\u00a0: J\u2019entends\u00a0siffler\u00a0le\u00a0loup Quinzi\u00e8me \u00e9pisode de la saison 2 de Macarons\u00a0Cassis\u00a0Violette, diffus\u00e9 initialement sur la cha\u00eene Twitch de la Sorcenouille lors de la Revue\u00a0de\u00a0presse\u00a0des\u00a0chapoules du 3\u00a0f\u00e9vrier\u00a02024. D\u00e8s sa premi\u00e8re semaine de mandat, Donald\u00a0Trump a pass\u00e9 un grand nombre de d\u00e9crets. Les cons\u00e9quences s\u2019en font rapidement sentir. Certains\u2026","rel":"","context":"Dans &quot;Culture&quot;","block_context":{"text":"Culture","link":"https:\/\/le-bars.net\/yoann\/fr\/category\/culture\/"},"img":{"alt_text":"","src":"","width":0,"height":0},"classes":[]},{"id":6367,"url":"https:\/\/le-bars.net\/yoann\/fr\/2025\/02\/12\/macaron-cassis-violette-saison-2-episode-16-escalade-mediatique\/","url_meta":{"origin":6902,"position":2},"title":"Macaron\u00a0Cassis\u00a0Violette \u2013 Saison\u00a02, \u00e9pisode\u00a016\u00a0: Escalade m\u00e9diatique","author":"Yoann Le Bars","date":"12 f\u00e9vrier 2025","format":"video","excerpt":"https:\/\/vimeo.com\/1056103960?share=copy#t=0 Macaron\u00a0Cassis\u00a0Violette --. Saison\u00a02, \u00e9pisode\u00a016\u00a0: Escalade m\u00e9diatique Seizi\u00e8me \u00e9pisode de la saison 2 de Macaron\u00a0Cassis\u00a0Violette, diffus\u00e9 initialement sur la cha\u00eene Twitch de la Sorcenouille lors de la Revue\u00a0de\u00a0presse\u00a0des\u00a0chapoules du 10\u00a0f\u00e9vrier\u00a02024. Cassis\u00a0de\u00a0Barbarie est en concurrence avec les autres m\u00e9dias. Que faire lorsqu\u2019un concurrent lance des horreurs face \u00e0 un ministre de\u2026","rel":"","context":"Dans &quot;Culture&quot;","block_context":{"text":"Culture","link":"https:\/\/le-bars.net\/yoann\/fr\/category\/culture\/"},"img":{"alt_text":"","src":"","width":0,"height":0},"classes":[]},{"id":5622,"url":"https:\/\/le-bars.net\/yoann\/fr\/2024\/12\/01\/macaron-cassis-violette-saison-2-episode-3-meme-le-diable-proteste\/","url_meta":{"origin":6902,"position":3},"title":"Macaron Cassis Violette \u2013 Saison 2, \u00e9pisode 3\u00a0: M\u00eame le Diable proteste\u202f!","author":"Yoann Le Bars","date":"1 d\u00e9cembre 2024","format":"video","excerpt":"https:\/\/vimeo.com\/1034900025?share=copy#t=0 Macaron Cassis Violette \u2013 Saison 2, \u00e9pisode 3\u00a0: M\u00eame le Diable proteste\u202f! Troisi\u00e8me \u00e9pisode de la saison 2 de Macarons\u00a0Cassis\u00a0Violette, diffus\u00e9 initialement sur la cha\u00eene Twitch de la Sorcenouille lors de la Revue\u00a0de\u00a0presse\u00a0des\u00a0chapoules du 11\u00a0novembre\u00a02024. Tandis que le gouvernement est inquiet des agissements des gauchistes, Baphomet, en tant que\u2026","rel":"","context":"Dans &quot;Culture&quot;","block_context":{"text":"Culture","link":"https:\/\/le-bars.net\/yoann\/fr\/category\/culture\/"},"img":{"alt_text":"","src":"","width":0,"height":0},"classes":[]},{"id":7107,"url":"https:\/\/le-bars.net\/yoann\/fr\/2025\/04\/30\/macaron-cassis-violette-saison-2-episode-25-donald-fhatgn\/","url_meta":{"origin":6902,"position":4},"title":"Macaron Cassis Violette \u2013 Saison 2, \u00e9pisode 25\u00a0: Donald fhatgn","author":"Yoann Le Bars","date":"30 avril 2025","format":"video","excerpt":"https:\/\/vimeo.com\/1080129922?share=copy#t=0 Macaron\u00a0Cassis\u00a0Violette \u2013 Saison 2, \u00e9pisode 25\u00a0: Donald fhatgn Vingt-cinqui\u00e8me \u00e9pisode de la saison\u00a02 de Macaron\u00a0Cassis\u00a0Violette, diffus\u00e9 initialement sur la cha\u00eene Twitch de la Sorcenouille lors de la Revue\u00a0de\u00a0presse\u00a0des\u00a0chapoules du 28\u00a0avril\u00a02025. Donald\u00a0Trump s\u2019imagine que la Terre enti\u00e8re lui, nous citons, \u00ab\u202fl\u00e8che le cul\u202f\u00bb. Cthulhu a un avis diff\u00e9rent sur la\u2026","rel":"","context":"Dans &quot;Culture&quot;","block_context":{"text":"Culture","link":"https:\/\/le-bars.net\/yoann\/fr\/category\/culture\/"},"img":{"alt_text":"","src":"","width":0,"height":0},"classes":[]},{"id":5782,"url":"https:\/\/le-bars.net\/yoann\/fr\/2024\/12\/14\/macaron-cassis-violette-saison-2-episode-7-emeutes-halals\/","url_meta":{"origin":6902,"position":5},"title":"Macaron\u00a0Cassis\u00a0Violette \u2013 Saison 2, \u00e9pisode 7\u00a0: \u00c9meutes\u00a0halals","author":"Yoann Le Bars","date":"14 d\u00e9cembre 2024","format":"video","excerpt":"https:\/\/vimeo.com\/1039143030?share=copy#t=0 Macaron\u00a0Cassis\u00a0Violette \u2013 Saison 2, \u00e9pisode 7\u00a0: \u00c9meutes halals Septi\u00e8me \u00e9pisode de la saison 2 de Macarons\u00a0Cassis\u00a0Violette, diffus\u00e9 initialement sur la cha\u00eene Twitch de la Sorcenouille lors de la Revue\u00a0de\u00a0presse\u00a0des\u00a0chapoules du 9\u00a0d\u00e9cembre\u00a02024. Le gouvernement a \u00e9t\u00e9 censur\u00e9, mais il y a plus important\u00a0: la culture fran\u00e7aise est en danger\u202f! Sur\u2026","rel":"","context":"Dans &quot;Culture&quot;","block_context":{"text":"Culture","link":"https:\/\/le-bars.net\/yoann\/fr\/category\/culture\/"},"img":{"alt_text":"","src":"","width":0,"height":0},"classes":[]}],"jetpack_sharing_enabled":true,"_links":{"self":[{"href":"https:\/\/le-bars.net\/yoann\/wp-json\/wp\/v2\/posts\/6902","targetHints":{"allow":["GET"]}}],"collection":[{"href":"https:\/\/le-bars.net\/yoann\/wp-json\/wp\/v2\/posts"}],"about":[{"href":"https:\/\/le-bars.net\/yoann\/wp-json\/wp\/v2\/types\/post"}],"author":[{"embeddable":true,"href":"https:\/\/le-bars.net\/yoann\/wp-json\/wp\/v2\/users\/1"}],"replies":[{"embeddable":true,"href":"https:\/\/le-bars.net\/yoann\/wp-json\/wp\/v2\/comments?post=6902"}],"version-history":[{"count":132,"href":"https:\/\/le-bars.net\/yoann\/wp-json\/wp\/v2\/posts\/6902\/revisions"}],"predecessor-version":[{"id":7034,"href":"https:\/\/le-bars.net\/yoann\/wp-json\/wp\/v2\/posts\/6902\/revisions\/7034"}],"wp:attachment":[{"href":"https:\/\/le-bars.net\/yoann\/wp-json\/wp\/v2\/media?parent=6902"}],"wp:term":[{"taxonomy":"category","embeddable":true,"href":"https:\/\/le-bars.net\/yoann\/wp-json\/wp\/v2\/categories?post=6902"},{"taxonomy":"post_tag","embeddable":true,"href":"https:\/\/le-bars.net\/yoann\/wp-json\/wp\/v2\/tags?post=6902"}],"curies":[{"name":"wp","href":"https:\/\/api.w.org\/{rel}","templated":true}]}}